{"id":34556,"date":"2023-11-21T14:50:06","date_gmt":"2023-11-21T12:50:06","guid":{"rendered":"https:\/\/chg.es\/?p=34556"},"modified":"2023-11-21T14:51:21","modified_gmt":"2023-11-21T12:51:21","slug":"artisan-stil-der-deko-trend-der-ihr-zuhause-verschoenert-chg","status":"publish","type":"post","link":"https:\/\/chg.es\/de\/resort-costa-blanca\/artisan-stil-der-deko-trend-der-ihr-zuhause-verschoenert-chg","title":{"rendered":"Artisan-Stil, der Deko-Trend, der Ihr Zuhause versch\u00f6nert"},"content":{"rendered":"<p>Es ist nichts Neues, dass der nordische Stil sowie die Elemente geschwungener Formen im letzten Jahr bei der Dekoration der H\u00e4user derjenigen hervorgetreten sind, die sich mit diesem Thema am besten auskennen. Der Trend, der jedoch gesiegt hat, triumphiert und triumphieren wird, ist der eine, die der Natur Tribut zollt. Der handwerkliche Stil aus nat\u00fcrlichen Materialien hat Einzug in die Kollektionen und Angebote unserer Lieblings-Dekomarken gehalten und ist zum angesagtesten Trend des Jahres geworden.<\/p>\n<p>Die Gr\u00fcnde f\u00fcr diese Ode an die Natur? Wie in anderen k\u00fcnstlerischen Bereichen wie Kunst oder Mode haben neue Lebensweisen im Einklang mit Nachhaltigkeit und Liebe zu unserem Planeten die Dekorationstrends entscheidend beeinflusst und einen Stil hervorgebracht, der auf Materialien nat\u00fcrlichen Ursprungs, der Liebe zu unvollkommenen Formen und warum nicht, dem setzt Wunsch nach Second-Hand- oder Vintage-Artikeln.<\/p>\n<p>Von CHG zeigen wir Ihnen die Richtlinien, Schl\u00fcssel und nat\u00fcrlich die n\u00f6tige Portion Inspiration, damit Sie diesen Trend auf Ihr Zuhause \u00fcbertragen k\u00f6nnen. Beachten!<\/p>\n<p><img fetchpriority=\"high\" decoding=\"async\" class=\"wp-image-34382 size-full aligncenter\" src=\"https:\/\/chg.es\/wp-content\/uploads\/2023\/10\/tendencias-deco-detalles.jpg\" alt=\"Tendencias deco\" width=\"1200\" height=\"675\" srcset=\"https:\/\/chg.es\/wp-content\/uploads\/2023\/10\/tendencias-deco-detalles.jpg 1200w, https:\/\/chg.es\/wp-content\/uploads\/2023\/10\/tendencias-deco-detalles-300x169.jpg 300w, https:\/\/chg.es\/wp-content\/uploads\/2023\/10\/tendencias-deco-detalles-1024x576.jpg 1024w, https:\/\/chg.es\/wp-content\/uploads\/2023\/10\/tendencias-deco-detalles-768x432.jpg 768w\" sizes=\"(max-width: 1200px) 100vw, 1200px\" \/><\/p>\n<h2 id=\"tw-target-text\" class=\"tw-data-text tw-text-large tw-ta\" dir=\"ltr\" style=\"text-align: center\" data-placeholder=\"Traducci\u00f3n\" data-ved=\"2ahUKEwjQ7euJ99SCAxUraqQEHYlnDjEQ3ewLegQIBRAQ\"><span class=\"Y2IQFc\" lang=\"de\">Das Geheimnis liegt in den Materialien<\/span><\/h2>\n<p>Der entscheidende Schl\u00fcssel zu diesem Trend liegt zweifellos in der Wahl der Materialien. Wie Sie sich vorstellen k\u00f6nnen, m\u00fcssen sie nat\u00fcrlichen Ursprungs sein, wie z. B. Holz, Stein, Marmor, Bast oder Jute, in all ihren Varianten. W\u00e4hlen Sie Dekoelemente, Kleinm\u00f6bel oder Accessoires aus Naturmaterialien und verleihen Sie Ihrem Zuhause eine besonders gem\u00fctliche Note.<\/p>\n<p><img decoding=\"async\" class=\"aligncenter wp-image-34392 size-full\" src=\"https:\/\/chg.es\/wp-content\/uploads\/2023\/10\/tendencias-deco-materiales.jpg\" alt=\"tendencia naturaleza\" width=\"1200\" height=\"675\" srcset=\"https:\/\/chg.es\/wp-content\/uploads\/2023\/10\/tendencias-deco-materiales.jpg 1200w, https:\/\/chg.es\/wp-content\/uploads\/2023\/10\/tendencias-deco-materiales-300x169.jpg 300w, https:\/\/chg.es\/wp-content\/uploads\/2023\/10\/tendencias-deco-materiales-1024x576.jpg 1024w, https:\/\/chg.es\/wp-content\/uploads\/2023\/10\/tendencias-deco-materiales-768x432.jpg 768w\" sizes=\"(max-width: 1200px) 100vw, 1200px\" \/><\/p>\n<h2 id=\"tw-target-text\" class=\"tw-data-text tw-text-large tw-ta\" dir=\"ltr\" style=\"text-align: center\" data-placeholder=\"Traducci\u00f3n\" data-ved=\"2ahUKEwigyPTuj9WCAxWaTKQEHeYXB_MQ3ewLegQIARAQ\"><span class=\"Y2IQFc\" lang=\"de\">Die richtigen (und nat\u00fcrlichen) Textilien<\/span><\/h2>\n<p id=\"tw-target-text\" class=\"tw-data-text tw-text-large tw-ta\" dir=\"ltr\" data-placeholder=\"Traducci\u00f3n\" data-ved=\"2ahUKEwigyPTuj9WCAxWaTKQEHeYXB_MQ3ewLegQIARAQ\"><span class=\"Y2IQFc\" lang=\"de\">Von Teppichen \u00fcber Kissen bis hin zu Vorh\u00e4ngen: Textilien spielen bei diesem Trend eine gro\u00dfe Rolle. Um die nat\u00fcrliche und handwerkliche Welt in unserem Zuhause hervorzurufen, sind daher einige St\u00fccke von entscheidender Bedeutung: Juteteppiche, Bastlampen, Leinenvorh\u00e4nge, Wollkissen &#8230; Mit der Wahl der richtigen Textilien k\u00f6nnen Sie Ihr Zuhause nicht nur dekorieren, sondern ihm auch die gem\u00fctliche Note verleihen, die wir uns so w\u00fcnschen.<\/span><\/p>\n<p dir=\"ltr\" data-placeholder=\"Traducci\u00f3n\" data-ved=\"2ahUKEwigyPTuj9WCAxWaTKQEHeYXB_MQ3ewLegQIARAQ\"><img decoding=\"async\" class=\"aligncenter wp-image-34402 size-full\" src=\"https:\/\/chg.es\/wp-content\/uploads\/2023\/10\/tendencias-deco-plantas.jpg\" alt=\"Tendencia textiles\" width=\"1200\" height=\"675\" srcset=\"https:\/\/chg.es\/wp-content\/uploads\/2023\/10\/tendencias-deco-plantas.jpg 1200w, https:\/\/chg.es\/wp-content\/uploads\/2023\/10\/tendencias-deco-plantas-300x169.jpg 300w, https:\/\/chg.es\/wp-content\/uploads\/2023\/10\/tendencias-deco-plantas-1024x576.jpg 1024w, https:\/\/chg.es\/wp-content\/uploads\/2023\/10\/tendencias-deco-plantas-768x432.jpg 768w\" sizes=\"(max-width: 1200px) 100vw, 1200px\" \/><\/p>\n<h2 id=\"tw-target-text\" class=\"tw-data-text tw-text-large tw-ta\" dir=\"ltr\" style=\"text-align: center\" data-placeholder=\"Traducci\u00f3n\" data-ved=\"2ahUKEwigyPTuj9WCAxWaTKQEHeYXB_MQ3ewLegQIARAQ\"><span class=\"Y2IQFc\" lang=\"de\">Unendliche Liebe zum Holz<\/span><\/h2>\n<p id=\"tw-target-text\" class=\"tw-data-text tw-text-large tw-ta\" dir=\"ltr\" data-placeholder=\"Traducci\u00f3n\" data-ved=\"2ahUKEwigyPTuj9WCAxWaTKQEHeYXB_MQ3ewLegQIARAQ\"><span class=\"Y2IQFc\" lang=\"de\">Obwohl wir \u00fcber nat\u00fcrliche Materialien als Schl\u00fcsselfaktor f\u00fcr diesen Dekorationstrend gesprochen haben, m\u00fcssen wir Holz als wesentliches Element hervorheben. Ob M\u00f6bel wie Sideboards, St\u00fchle oder Regale, Accessoires wie Geschirr oder dekorative Elemente wie Vasen oder Tabletts \u2013 Matera erobert jeden Winkel des Hauses und verleiht ihm die so gelungene Aura der Natur.<\/span><\/p>\n<p dir=\"ltr\" data-placeholder=\"Traducci\u00f3n\" data-ved=\"2ahUKEwigyPTuj9WCAxWaTKQEHeYXB_MQ3ewLegQIARAQ\"><img loading=\"lazy\" decoding=\"async\" class=\"wp-image-34387 size-full aligncenter\" src=\"https:\/\/chg.es\/wp-content\/uploads\/2023\/10\/tendencias-deco-madera.jpg\" alt=\"Tendencia madera\" width=\"1200\" height=\"675\" srcset=\"https:\/\/chg.es\/wp-content\/uploads\/2023\/10\/tendencias-deco-madera.jpg 1200w, https:\/\/chg.es\/wp-content\/uploads\/2023\/10\/tendencias-deco-madera-300x169.jpg 300w, https:\/\/chg.es\/wp-content\/uploads\/2023\/10\/tendencias-deco-madera-1024x576.jpg 1024w, https:\/\/chg.es\/wp-content\/uploads\/2023\/10\/tendencias-deco-madera-768x432.jpg 768w\" sizes=\"(max-width: 1200px) 100vw, 1200px\" \/><\/p>\n<h2 id=\"tw-target-text\" class=\"tw-data-text tw-text-large tw-ta\" dir=\"ltr\" style=\"text-align: center\" data-placeholder=\"Traducci\u00f3n\" data-ved=\"2ahUKEwigyPTuj9WCAxWaTKQEHeYXB_MQ3ewLegQIARAQ\"><span class=\"Y2IQFc\" lang=\"de\">Pflanzen, essentiell und nat\u00fcrlich<\/span><\/h2>\n<p id=\"tw-target-text\" class=\"tw-data-text tw-text-large tw-ta\" dir=\"ltr\" data-placeholder=\"Traducci\u00f3n\" data-ved=\"2ahUKEwigyPTuj9WCAxWaTKQEHeYXB_MQ3ewLegQIARAQ\"><span class=\"Y2IQFc\" lang=\"de\">Ein weiteres Merkmal dieses Trends, das wir nicht ignorieren k\u00f6nnen, ist das Vorhandensein von Pflanzen. Nun, keine Tricks, es ist an der Zeit, unsere g\u00e4rtnerischen F\u00e4higkeiten zu nutzen und daf\u00fcr zu sorgen, dass die Frische und das Leben unserer eigenen nat\u00fcrlichen Pflanzen erhalten bleiben. Recherchieren Sie, welcher Typ f\u00fcr das Klima Ihrer Stadt und vor allem f\u00fcr den Aufenthalt in Innenr\u00e4umen am besten geeignet ist. Ihr Zuhause wird anders aussehen!<\/span><\/p>\n<p dir=\"ltr\" data-placeholder=\"Traducci\u00f3n\" data-ved=\"2ahUKEwigyPTuj9WCAxWaTKQEHeYXB_MQ3ewLegQIARAQ\"><img loading=\"lazy\" decoding=\"async\" class=\"aligncenter wp-image-34397 size-full\" src=\"https:\/\/chg.es\/wp-content\/uploads\/2023\/10\/tendencias-deco-natural.jpg\" alt=\"Plantas naturales\" width=\"1200\" height=\"675\" srcset=\"https:\/\/chg.es\/wp-content\/uploads\/2023\/10\/tendencias-deco-natural.jpg 1200w, https:\/\/chg.es\/wp-content\/uploads\/2023\/10\/tendencias-deco-natural-300x169.jpg 300w, https:\/\/chg.es\/wp-content\/uploads\/2023\/10\/tendencias-deco-natural-1024x576.jpg 1024w, https:\/\/chg.es\/wp-content\/uploads\/2023\/10\/tendencias-deco-natural-768x432.jpg 768w\" sizes=\"(max-width: 1200px) 100vw, 1200px\" \/><\/p>\n","protected":false},"excerpt":{"rendered":"<p>Es ist nichts Neues, dass der nordische Stil sowie die Elemente geschwungener Formen im letzten Jahr bei der Dekoration der H\u00e4user derjenigen hervorgetreten sind, die sich mit diesem Thema am besten auskennen. Der Trend, der jedoch gesiegt hat, triumphiert und triumphieren wird, ist der eine, die der Natur Tribut zollt. Der handwerkliche Stil aus nat\u00fcrlichen&hellip;<\/p>\n","protected":false},"author":13,"featured_media":34415,"comment_status":"closed","ping_status":"open","sticky":false,"template":"","format":"standard","meta":{"footnotes":""},"categories":[120],"tags":[210,243],"class_list":["post-34556","post","type-post","status-publish","format-standard","has-post-thumbnail","hentry","category-chg-de","tag-chg-de","tag-dekorationstrends","category-120","description-off"],"yoast_head":"<!-- This site is optimized with the Yoast SEO plugin v22.4 - https:\/\/yoast.com\/wordpress\/plugins\/seo\/ -->\n<title>Artisan-Stil, der Deko-Trend, der Ihr Zuhause versch\u00f6nert-chg<\/title>\n<meta name=\"description\" content=\"Mit Materialien nat\u00fcrlichen Ursprungs und organischen Formen ist dieser Trend ma\u00dfgeblich f\u00fcr stilvolle H\u00e4user\" \/>\n<meta name=\"robots\" content=\"index, follow, max-snippet:-1, max-image-preview:large, max-video-preview:-1\" \/>\n<link rel=\"canonical\" href=\"https:\/\/chg.es\/de\/resort-costa-blanca\/artisan-stil-der-deko-trend-der-ihr-zuhause-verschoenert-chg\" \/>\n<meta property=\"og:locale\" content=\"de_DE\" \/>\n<meta property=\"og:type\" content=\"article\" \/>\n<meta property=\"og:title\" content=\"Artisan-Stil, der Deko-Trend, der Ihr Zuhause versch\u00f6nert-chg\" \/>\n<meta property=\"og:description\" content=\"Mit Materialien nat\u00fcrlichen Ursprungs und organischen Formen ist dieser Trend ma\u00dfgeblich f\u00fcr stilvolle H\u00e4user\" \/>\n<meta property=\"og:url\" content=\"https:\/\/chg.es\/de\/resort-costa-blanca\/artisan-stil-der-deko-trend-der-ihr-zuhause-verschoenert-chg\" \/>\n<meta property=\"og:site_name\" content=\"CHG\" \/>\n<meta property=\"article:publisher\" content=\"https:\/\/www.facebook.com\/chgconstrucciones\/\" \/>\n<meta property=\"article:published_time\" content=\"2023-11-21T12:50:06+00:00\" \/>\n<meta property=\"article:modified_time\" content=\"2023-11-21T12:51:21+00:00\" \/>\n<meta property=\"og:image\" content=\"https:\/\/chg.es\/wp-content\/uploads\/2023\/10\/tendencias-deco-tierra.jpg\" \/>\n\t<meta property=\"og:image:width\" content=\"1200\" \/>\n\t<meta property=\"og:image:height\" content=\"675\" \/>\n\t<meta property=\"og:image:type\" content=\"image\/jpeg\" \/>\n<meta name=\"author\" content=\"bearodriguezgimeno\" \/>\n<meta name=\"twitter:card\" content=\"summary_large_image\" \/>\n<meta name=\"twitter:label1\" content=\"Verfasst von\" \/>\n\t<meta name=\"twitter:data1\" content=\"bearodriguezgimeno\" \/>\n\t<meta name=\"twitter:label2\" content=\"Gesch\u00e4tzte Lesezeit\" \/>\n\t<meta name=\"twitter:data2\" content=\"3 Minuten\" \/>\n<script type=\"application\/ld+json\" class=\"yoast-schema-graph\">{\"@context\":\"https:\/\/schema.org\",\"@graph\":[{\"@type\":\"Article\",\"@id\":\"https:\/\/chg.es\/de\/resort-costa-blanca\/artisan-stil-der-deko-trend-der-ihr-zuhause-verschoenert-chg#article\",\"isPartOf\":{\"@id\":\"https:\/\/chg.es\/de\/resort-costa-blanca\/artisan-stil-der-deko-trend-der-ihr-zuhause-verschoenert-chg\"},\"author\":{\"name\":\"bearodriguezgimeno\",\"@id\":\"https:\/\/chg.es\/en\/#\/schema\/person\/df5352f31394c984c7428bfe7f95cd1d\"},\"headline\":\"Artisan-Stil, der Deko-Trend, der Ihr Zuhause versch\u00f6nert\",\"datePublished\":\"2023-11-21T12:50:06+00:00\",\"dateModified\":\"2023-11-21T12:51:21+00:00\",\"mainEntityOfPage\":{\"@id\":\"https:\/\/chg.es\/de\/resort-costa-blanca\/artisan-stil-der-deko-trend-der-ihr-zuhause-verschoenert-chg\"},\"wordCount\":459,\"publisher\":{\"@id\":\"https:\/\/chg.es\/en\/#organization\"},\"image\":{\"@id\":\"https:\/\/chg.es\/de\/resort-costa-blanca\/artisan-stil-der-deko-trend-der-ihr-zuhause-verschoenert-chg#primaryimage\"},\"thumbnailUrl\":\"https:\/\/chg.es\/wp-content\/uploads\/2023\/10\/tendencias-deco-tierra.jpg\",\"keywords\":[\"CHG\",\"Dekorationstrends\"],\"articleSection\":[\"CHG\"],\"inLanguage\":\"de-DE\"},{\"@type\":\"WebPage\",\"@id\":\"https:\/\/chg.es\/de\/resort-costa-blanca\/artisan-stil-der-deko-trend-der-ihr-zuhause-verschoenert-chg\",\"url\":\"https:\/\/chg.es\/de\/resort-costa-blanca\/artisan-stil-der-deko-trend-der-ihr-zuhause-verschoenert-chg\",\"name\":\"Artisan-Stil, der Deko-Trend, der Ihr Zuhause versch\u00f6nert-chg\",\"isPartOf\":{\"@id\":\"https:\/\/chg.es\/en\/#website\"},\"primaryImageOfPage\":{\"@id\":\"https:\/\/chg.es\/de\/resort-costa-blanca\/artisan-stil-der-deko-trend-der-ihr-zuhause-verschoenert-chg#primaryimage\"},\"image\":{\"@id\":\"https:\/\/chg.es\/de\/resort-costa-blanca\/artisan-stil-der-deko-trend-der-ihr-zuhause-verschoenert-chg#primaryimage\"},\"thumbnailUrl\":\"https:\/\/chg.es\/wp-content\/uploads\/2023\/10\/tendencias-deco-tierra.jpg\",\"datePublished\":\"2023-11-21T12:50:06+00:00\",\"dateModified\":\"2023-11-21T12:51:21+00:00\",\"description\":\"Mit Materialien nat\u00fcrlichen Ursprungs und organischen Formen ist dieser Trend ma\u00dfgeblich f\u00fcr stilvolle H\u00e4user\",\"breadcrumb\":{\"@id\":\"https:\/\/chg.es\/de\/resort-costa-blanca\/artisan-stil-der-deko-trend-der-ihr-zuhause-verschoenert-chg#breadcrumb\"},\"inLanguage\":\"de-DE\",\"potentialAction\":[{\"@type\":\"ReadAction\",\"target\":[\"https:\/\/chg.es\/de\/resort-costa-blanca\/artisan-stil-der-deko-trend-der-ihr-zuhause-verschoenert-chg\"]}]},{\"@type\":\"ImageObject\",\"inLanguage\":\"de-DE\",\"@id\":\"https:\/\/chg.es\/de\/resort-costa-blanca\/artisan-stil-der-deko-trend-der-ihr-zuhause-verschoenert-chg#primaryimage\",\"url\":\"https:\/\/chg.es\/wp-content\/uploads\/2023\/10\/tendencias-deco-tierra.jpg\",\"contentUrl\":\"https:\/\/chg.es\/wp-content\/uploads\/2023\/10\/tendencias-deco-tierra.jpg\",\"width\":1200,\"height\":675},{\"@type\":\"BreadcrumbList\",\"@id\":\"https:\/\/chg.es\/de\/resort-costa-blanca\/artisan-stil-der-deko-trend-der-ihr-zuhause-verschoenert-chg#breadcrumb\",\"itemListElement\":[{\"@type\":\"ListItem\",\"position\":1,\"name\":\"Home\",\"item\":\"https:\/\/chg.es\/home-3\"},{\"@type\":\"ListItem\",\"position\":2,\"name\":\"CHG\",\"item\":\"https:\/\/chg.es\/de\/resort-costa-blanca\/category\/chg-de\"},{\"@type\":\"ListItem\",\"position\":3,\"name\":\"Artisan-Stil, der Deko-Trend, der Ihr Zuhause versch\u00f6nert\"}]},{\"@type\":\"WebSite\",\"@id\":\"https:\/\/chg.es\/en\/#website\",\"url\":\"https:\/\/chg.es\/en\/\",\"name\":\"CHG\",\"description\":\"CHG\",\"publisher\":{\"@id\":\"https:\/\/chg.es\/en\/#organization\"},\"potentialAction\":[{\"@type\":\"SearchAction\",\"target\":{\"@type\":\"EntryPoint\",\"urlTemplate\":\"https:\/\/chg.es\/en\/?s={search_term_string}\"},\"query-input\":\"required name=search_term_string\"}],\"inLanguage\":\"de-DE\"},{\"@type\":\"Organization\",\"@id\":\"https:\/\/chg.es\/en\/#organization\",\"name\":\"CHG\",\"url\":\"https:\/\/chg.es\/en\/\",\"logo\":{\"@type\":\"ImageObject\",\"inLanguage\":\"de-DE\",\"@id\":\"https:\/\/chg.es\/en\/#\/schema\/logo\/image\/\",\"url\":\"https:\/\/chg.es\/wp-content\/uploads\/2022\/09\/logo-chg.svg\",\"contentUrl\":\"https:\/\/chg.es\/wp-content\/uploads\/2022\/09\/logo-chg.svg\",\"caption\":\"CHG\"},\"image\":{\"@id\":\"https:\/\/chg.es\/en\/#\/schema\/logo\/image\/\"},\"sameAs\":[\"https:\/\/www.facebook.com\/chgconstrucciones\/\",\"https:\/\/www.instagram.com\/chg.es\/\",\"https:\/\/www.linkedin.com\/company\/construcciones-hispano-germanas\/about\/\"]},{\"@type\":\"Person\",\"@id\":\"https:\/\/chg.es\/en\/#\/schema\/person\/df5352f31394c984c7428bfe7f95cd1d\",\"name\":\"bearodriguezgimeno\",\"image\":{\"@type\":\"ImageObject\",\"inLanguage\":\"de-DE\",\"@id\":\"https:\/\/chg.es\/en\/#\/schema\/person\/image\/\",\"url\":\"https:\/\/secure.gravatar.com\/avatar\/910dd3fe0d04301864994fc0ce938b2bf16d5138a6cc5c4d081d870be555e0b6?s=96&d=mm&r=g\",\"contentUrl\":\"https:\/\/secure.gravatar.com\/avatar\/910dd3fe0d04301864994fc0ce938b2bf16d5138a6cc5c4d081d870be555e0b6?s=96&d=mm&r=g\",\"caption\":\"bearodriguezgimeno\"},\"url\":\"https:\/\/chg.es\/de\/resort-costa-blanca\/author\/bearodriguezgimeno\"}]}<\/script>\n<!-- \/ Yoast SEO plugin. -->","yoast_head_json":{"title":"Artisan-Stil, der Deko-Trend, der Ihr Zuhause versch\u00f6nert-chg","description":"Mit Materialien nat\u00fcrlichen Ursprungs und organischen Formen ist dieser Trend ma\u00dfgeblich f\u00fcr stilvolle H\u00e4user","robots":{"index":"index","follow":"follow","max-snippet":"max-snippet:-1","max-image-preview":"max-image-preview:large","max-video-preview":"max-video-preview:-1"},"canonical":"https:\/\/chg.es\/de\/resort-costa-blanca\/artisan-stil-der-deko-trend-der-ihr-zuhause-verschoenert-chg","og_locale":"de_DE","og_type":"article","og_title":"Artisan-Stil, der Deko-Trend, der Ihr Zuhause versch\u00f6nert-chg","og_description":"Mit Materialien nat\u00fcrlichen Ursprungs und organischen Formen ist dieser Trend ma\u00dfgeblich f\u00fcr stilvolle H\u00e4user","og_url":"https:\/\/chg.es\/de\/resort-costa-blanca\/artisan-stil-der-deko-trend-der-ihr-zuhause-verschoenert-chg","og_site_name":"CHG","article_publisher":"https:\/\/www.facebook.com\/chgconstrucciones\/","article_published_time":"2023-11-21T12:50:06+00:00","article_modified_time":"2023-11-21T12:51:21+00:00","og_image":[{"width":1200,"height":675,"url":"https:\/\/chg.es\/wp-content\/uploads\/2023\/10\/tendencias-deco-tierra.jpg","type":"image\/jpeg"}],"author":"bearodriguezgimeno","twitter_card":"summary_large_image","twitter_misc":{"Verfasst von":"bearodriguezgimeno","Gesch\u00e4tzte Lesezeit":"3 Minuten"},"schema":{"@context":"https:\/\/schema.org","@graph":[{"@type":"Article","@id":"https:\/\/chg.es\/de\/resort-costa-blanca\/artisan-stil-der-deko-trend-der-ihr-zuhause-verschoenert-chg#article","isPartOf":{"@id":"https:\/\/chg.es\/de\/resort-costa-blanca\/artisan-stil-der-deko-trend-der-ihr-zuhause-verschoenert-chg"},"author":{"name":"bearodriguezgimeno","@id":"https:\/\/chg.es\/en\/#\/schema\/person\/df5352f31394c984c7428bfe7f95cd1d"},"headline":"Artisan-Stil, der Deko-Trend, der Ihr Zuhause versch\u00f6nert","datePublished":"2023-11-21T12:50:06+00:00","dateModified":"2023-11-21T12:51:21+00:00","mainEntityOfPage":{"@id":"https:\/\/chg.es\/de\/resort-costa-blanca\/artisan-stil-der-deko-trend-der-ihr-zuhause-verschoenert-chg"},"wordCount":459,"publisher":{"@id":"https:\/\/chg.es\/en\/#organization"},"image":{"@id":"https:\/\/chg.es\/de\/resort-costa-blanca\/artisan-stil-der-deko-trend-der-ihr-zuhause-verschoenert-chg#primaryimage"},"thumbnailUrl":"https:\/\/chg.es\/wp-content\/uploads\/2023\/10\/tendencias-deco-tierra.jpg","keywords":["CHG","Dekorationstrends"],"articleSection":["CHG"],"inLanguage":"de-DE"},{"@type":"WebPage","@id":"https:\/\/chg.es\/de\/resort-costa-blanca\/artisan-stil-der-deko-trend-der-ihr-zuhause-verschoenert-chg","url":"https:\/\/chg.es\/de\/resort-costa-blanca\/artisan-stil-der-deko-trend-der-ihr-zuhause-verschoenert-chg","name":"Artisan-Stil, der Deko-Trend, der Ihr Zuhause versch\u00f6nert-chg","isPartOf":{"@id":"https:\/\/chg.es\/en\/#website"},"primaryImageOfPage":{"@id":"https:\/\/chg.es\/de\/resort-costa-blanca\/artisan-stil-der-deko-trend-der-ihr-zuhause-verschoenert-chg#primaryimage"},"image":{"@id":"https:\/\/chg.es\/de\/resort-costa-blanca\/artisan-stil-der-deko-trend-der-ihr-zuhause-verschoenert-chg#primaryimage"},"thumbnailUrl":"https:\/\/chg.es\/wp-content\/uploads\/2023\/10\/tendencias-deco-tierra.jpg","datePublished":"2023-11-21T12:50:06+00:00","dateModified":"2023-11-21T12:51:21+00:00","description":"Mit Materialien nat\u00fcrlichen Ursprungs und organischen Formen ist dieser Trend ma\u00dfgeblich f\u00fcr stilvolle H\u00e4user","breadcrumb":{"@id":"https:\/\/chg.es\/de\/resort-costa-blanca\/artisan-stil-der-deko-trend-der-ihr-zuhause-verschoenert-chg#breadcrumb"},"inLanguage":"de-DE","potentialAction":[{"@type":"ReadAction","target":["https:\/\/chg.es\/de\/resort-costa-blanca\/artisan-stil-der-deko-trend-der-ihr-zuhause-verschoenert-chg"]}]},{"@type":"ImageObject","inLanguage":"de-DE","@id":"https:\/\/chg.es\/de\/resort-costa-blanca\/artisan-stil-der-deko-trend-der-ihr-zuhause-verschoenert-chg#primaryimage","url":"https:\/\/chg.es\/wp-content\/uploads\/2023\/10\/tendencias-deco-tierra.jpg","contentUrl":"https:\/\/chg.es\/wp-content\/uploads\/2023\/10\/tendencias-deco-tierra.jpg","width":1200,"height":675},{"@type":"BreadcrumbList","@id":"https:\/\/chg.es\/de\/resort-costa-blanca\/artisan-stil-der-deko-trend-der-ihr-zuhause-verschoenert-chg#breadcrumb","itemListElement":[{"@type":"ListItem","position":1,"name":"Home","item":"https:\/\/chg.es\/home-3"},{"@type":"ListItem","position":2,"name":"CHG","item":"https:\/\/chg.es\/de\/resort-costa-blanca\/category\/chg-de"},{"@type":"ListItem","position":3,"name":"Artisan-Stil, der Deko-Trend, der Ihr Zuhause versch\u00f6nert"}]},{"@type":"WebSite","@id":"https:\/\/chg.es\/en\/#website","url":"https:\/\/chg.es\/en\/","name":"CHG","description":"CHG","publisher":{"@id":"https:\/\/chg.es\/en\/#organization"},"potentialAction":[{"@type":"SearchAction","target":{"@type":"EntryPoint","urlTemplate":"https:\/\/chg.es\/en\/?s={search_term_string}"},"query-input":"required name=search_term_string"}],"inLanguage":"de-DE"},{"@type":"Organization","@id":"https:\/\/chg.es\/en\/#organization","name":"CHG","url":"https:\/\/chg.es\/en\/","logo":{"@type":"ImageObject","inLanguage":"de-DE","@id":"https:\/\/chg.es\/en\/#\/schema\/logo\/image\/","url":"https:\/\/chg.es\/wp-content\/uploads\/2022\/09\/logo-chg.svg","contentUrl":"https:\/\/chg.es\/wp-content\/uploads\/2022\/09\/logo-chg.svg","caption":"CHG"},"image":{"@id":"https:\/\/chg.es\/en\/#\/schema\/logo\/image\/"},"sameAs":["https:\/\/www.facebook.com\/chgconstrucciones\/","https:\/\/www.instagram.com\/chg.es\/","https:\/\/www.linkedin.com\/company\/construcciones-hispano-germanas\/about\/"]},{"@type":"Person","@id":"https:\/\/chg.es\/en\/#\/schema\/person\/df5352f31394c984c7428bfe7f95cd1d","name":"bearodriguezgimeno","image":{"@type":"ImageObject","inLanguage":"de-DE","@id":"https:\/\/chg.es\/en\/#\/schema\/person\/image\/","url":"https:\/\/secure.gravatar.com\/avatar\/910dd3fe0d04301864994fc0ce938b2bf16d5138a6cc5c4d081d870be555e0b6?s=96&d=mm&r=g","contentUrl":"https:\/\/secure.gravatar.com\/avatar\/910dd3fe0d04301864994fc0ce938b2bf16d5138a6cc5c4d081d870be555e0b6?s=96&d=mm&r=g","caption":"bearodriguezgimeno"},"url":"https:\/\/chg.es\/de\/resort-costa-blanca\/author\/bearodriguezgimeno"}]}},"_links":{"self":[{"href":"https:\/\/chg.es\/de\/wp-json\/wp\/v2\/posts\/34556","targetHints":{"allow":["GET"]}}],"collection":[{"href":"https:\/\/chg.es\/de\/wp-json\/wp\/v2\/posts"}],"about":[{"href":"https:\/\/chg.es\/de\/wp-json\/wp\/v2\/types\/post"}],"author":[{"embeddable":true,"href":"https:\/\/chg.es\/de\/wp-json\/wp\/v2\/users\/13"}],"replies":[{"embeddable":true,"href":"https:\/\/chg.es\/de\/wp-json\/wp\/v2\/comments?post=34556"}],"version-history":[{"count":0,"href":"https:\/\/chg.es\/de\/wp-json\/wp\/v2\/posts\/34556\/revisions"}],"wp:featuredmedia":[{"embeddable":true,"href":"https:\/\/chg.es\/de\/wp-json\/wp\/v2\/media\/34415"}],"wp:attachment":[{"href":"https:\/\/chg.es\/de\/wp-json\/wp\/v2\/media?parent=34556"}],"wp:term":[{"taxonomy":"category","embeddable":true,"href":"https:\/\/chg.es\/de\/wp-json\/wp\/v2\/categories?post=34556"},{"taxonomy":"post_tag","embeddable":true,"href":"https:\/\/chg.es\/de\/wp-json\/wp\/v2\/tags?post=34556"}],"curies":[{"name":"wp","href":"https:\/\/api.w.org\/{rel}","templated":true}]}}