{"id":35809,"date":"2024-03-14T13:11:07","date_gmt":"2024-03-14T11:11:07","guid":{"rendered":"https:\/\/chg.es\/?p=35809"},"modified":"2024-03-14T13:11:07","modified_gmt":"2024-03-14T11:11:07","slug":"dekorationstrends-fuer-den-fruehling-2024-chg","status":"publish","type":"post","link":"https:\/\/chg.es\/de\/resort-costa-blanca\/dekorationstrends-fuer-den-fruehling-2024-chg","title":{"rendered":"Dekorationstrends f\u00fcr den Fr\u00fchling 2024"},"content":{"rendered":"<p>Mit der Ankunft des Fr\u00fchlings verwandelt sich unser Zuhause in ein Spiegelbild der Jahreszeit. Die leuchtenden Farben, nat\u00fcrlichen Texturen und frischen Dekorationselemente laden uns ein, die Umgebung zu erneuern. Es ist der perfekte Zeitpunkt, Farbtupfer, helle Materialien und dekorative Elemente einzuf\u00fchren, die an die Natur erinnern und so einen Raum voller Vitalit\u00e4t und Frische schaffen. Wenn Sie zu den Menschen geh\u00f6ren, die zu Beginn der neuen Saison den unkontrollierbaren Drang versp\u00fcren, Ihrem Zuhause ein neues Aussehen zu verleihen, dann haben Sie Gl\u00fcck. In diesem Jahr gibt es eine Reihe von Trends, die in den H\u00e4usern f\u00fcr Aufsehen sorgen und frische und moderne M\u00f6glichkeiten bieten, Ihren Raum mit Stil aufzufrischen.<\/p>\n<h2 style=\"text-align: center\">Pastellfarben<\/h2>\n<p>In diesem Fr\u00fchling wird die Palette der hellen und pastellfarbenen Farben den Trend bestimmen, Farben, die den R\u00e4umen W\u00e4rme, Ruhe und Eleganz verleihen. Ein Wohnzimmer k\u00f6nnte mit einem weichen himmelblauen Sofa, mintgr\u00fcnen Kissen und dekorativen Akzenten in Terrakottat\u00f6nen dekoriert werden, die f\u00fcr W\u00e4rme sorgen.<\/p>\n<p><img fetchpriority=\"high\" decoding=\"async\" class=\"alignnone wp-image-35781 aligncenter\" src=\"https:\/\/chg.es\/wp-content\/uploads\/2024\/03\/ElcojindealgodonylinoestamapadoCECILIAesperfectoparaanadiruntoquedecalidezyencantoatuhogarestaprimavera.EstecojinesunacreacionoriginaldelosdisenadoresdeMaisonsduMondeyllevarellenoreciclado.Losm_-300x300.jpg\" alt=\"\" width=\"390\" height=\"390\" srcset=\"https:\/\/chg.es\/wp-content\/uploads\/2024\/03\/ElcojindealgodonylinoestamapadoCECILIAesperfectoparaanadiruntoquedecalidezyencantoatuhogarestaprimavera.EstecojinesunacreacionoriginaldelosdisenadoresdeMaisonsduMondeyllevarellenoreciclado.Losm_-300x300.jpg 300w, https:\/\/chg.es\/wp-content\/uploads\/2024\/03\/ElcojindealgodonylinoestamapadoCECILIAesperfectoparaanadiruntoquedecalidezyencantoatuhogarestaprimavera.EstecojinesunacreacionoriginaldelosdisenadoresdeMaisonsduMondeyllevarellenoreciclado.Losm_-1024x1024.jpg 1024w, https:\/\/chg.es\/wp-content\/uploads\/2024\/03\/ElcojindealgodonylinoestamapadoCECILIAesperfectoparaanadiruntoquedecalidezyencantoatuhogarestaprimavera.EstecojinesunacreacionoriginaldelosdisenadoresdeMaisonsduMondeyllevarellenoreciclado.Losm_-150x150.jpg 150w, https:\/\/chg.es\/wp-content\/uploads\/2024\/03\/ElcojindealgodonylinoestamapadoCECILIAesperfectoparaanadiruntoquedecalidezyencantoatuhogarestaprimavera.EstecojinesunacreacionoriginaldelosdisenadoresdeMaisonsduMondeyllevarellenoreciclado.Losm_-768x768.jpg 768w, https:\/\/chg.es\/wp-content\/uploads\/2024\/03\/ElcojindealgodonylinoestamapadoCECILIAesperfectoparaanadiruntoquedecalidezyencantoatuhogarestaprimavera.EstecojinesunacreacionoriginaldelosdisenadoresdeMaisonsduMondeyllevarellenoreciclado.Losm_.jpg 1080w\" sizes=\"(max-width: 390px) 100vw, 390px\" \/><\/p>\n<h2 style=\"text-align: center\">Auff\u00e4llige Drucke<\/h2>\n<p>Textilien sind immer ein guter Ausgangspunkt, es kann \u00fcberraschend sein, wie sehr sich ein Raum ver\u00e4ndern kann. Um dem Raum eine fr\u00fchlingshafte Note zu verleihen, ist es wichtig, neue bedruckte Kissen hinzuzuf\u00fcgen, die die Farben der Saison aufgreifen und sie mit verschiedenen Texturen kombinieren.<\/p>\n<p><img decoding=\"async\" class=\"alignnone wp-image-35786 aligncenter\" src=\"https:\/\/chg.es\/wp-content\/uploads\/2024\/03\/Living_Llanza0047-OK-232x300.jpg\" alt=\"\" width=\"319\" height=\"413\" srcset=\"https:\/\/chg.es\/wp-content\/uploads\/2024\/03\/Living_Llanza0047-OK-232x300.jpg 232w, https:\/\/chg.es\/wp-content\/uploads\/2024\/03\/Living_Llanza0047-OK-790x1024.jpg 790w, https:\/\/chg.es\/wp-content\/uploads\/2024\/03\/Living_Llanza0047-OK-768x995.jpg 768w, https:\/\/chg.es\/wp-content\/uploads\/2024\/03\/Living_Llanza0047-OK-1186x1536.jpg 1186w, https:\/\/chg.es\/wp-content\/uploads\/2024\/03\/Living_Llanza0047-OK-1581x2048.jpg 1581w, https:\/\/chg.es\/wp-content\/uploads\/2024\/03\/Living_Llanza0047-OK.jpg 1600w\" sizes=\"(max-width: 319px) 100vw, 319px\" \/><\/p>\n<h2 style=\"text-align: center\">Nat\u00fcrliche Materialien und Formen<\/h2>\n<p>Durch die Kombination von Formen und Texturen Erlebnisr\u00e4ume schaffen. Materialien mit Pers\u00f6nlichkeit, im Allgemeinen mit originellen Texturen, die einen visuellen Reichtum bieten und zum Ber\u00fchren und F\u00fchlen einladen und so ein Sinneserlebnis schaffen. Besonders hervorstechen werden der kontrastreiche Marmor, Tiroler Putz, Terrakotta, Eiche und metallische Akzente, um den perfekten Kontrast zu schaffen.<\/p>\n<p><img decoding=\"async\" class=\"alignnone wp-image-35791 aligncenter\" src=\"https:\/\/chg.es\/wp-content\/uploads\/2024\/03\/Ungranespejoredondodebordemetaliconegroodoradositegustamasesunagranbazaparadecorarcualquierentradaohall.\u00bfTegustacomolohahechoJudithde@jucaheinteriors-decoradecodecoraciondecoracion-300x300.jpg\" alt=\"\" width=\"379\" height=\"379\" srcset=\"https:\/\/chg.es\/wp-content\/uploads\/2024\/03\/Ungranespejoredondodebordemetaliconegroodoradositegustamasesunagranbazaparadecorarcualquierentradaohall.\u00bfTegustacomolohahechoJudithde@jucaheinteriors-decoradecodecoraciondecoracion-300x300.jpg 300w, https:\/\/chg.es\/wp-content\/uploads\/2024\/03\/Ungranespejoredondodebordemetaliconegroodoradositegustamasesunagranbazaparadecorarcualquierentradaohall.\u00bfTegustacomolohahechoJudithde@jucaheinteriors-decoradecodecoraciondecoracion-1024x1024.jpg 1024w, https:\/\/chg.es\/wp-content\/uploads\/2024\/03\/Ungranespejoredondodebordemetaliconegroodoradositegustamasesunagranbazaparadecorarcualquierentradaohall.\u00bfTegustacomolohahechoJudithde@jucaheinteriors-decoradecodecoraciondecoracion-150x150.jpg 150w, https:\/\/chg.es\/wp-content\/uploads\/2024\/03\/Ungranespejoredondodebordemetaliconegroodoradositegustamasesunagranbazaparadecorarcualquierentradaohall.\u00bfTegustacomolohahechoJudithde@jucaheinteriors-decoradecodecoraciondecoracion-768x768.jpg 768w, https:\/\/chg.es\/wp-content\/uploads\/2024\/03\/Ungranespejoredondodebordemetaliconegroodoradositegustamasesunagranbazaparadecorarcualquierentradaohall.\u00bfTegustacomolohahechoJudithde@jucaheinteriors-decoradecodecoraciondecoracion.jpg 1080w\" sizes=\"(max-width: 379px) 100vw, 379px\" \/><\/p>\n<h2 style=\"text-align: center\">Blumen und noch mehr Blumen<\/h2>\n<p>Mit der Ankunft des Fr\u00fchlings erobern Blumen die neuesten Dekorationstrends. Sie dringen in unsere H\u00e4user ein und f\u00fcllen jede Ecke mit Farbe und Freude. Bei Blumendekorationen und Pflanzen ist es wichtig, die R\u00e4ume mit diesen Elementen zu dekorieren.<\/p>\n<p><img loading=\"lazy\" decoding=\"async\" class=\"wp-image-35801 aligncenter\" src=\"https:\/\/chg.es\/wp-content\/uploads\/2024\/03\/Teproponemosregalarteunacenaalaluzdelasvelasenunamesapreciosallenadedetalles.\u00a1Ymuchasflores\u00a1Disfrutalaconquienquieras\ud83e\ude77\ud83e\ude75-nordicroomnordicmyscandinavianhomeslowminimalistinterior4all-240x300.jpg\" alt=\"\" width=\"292\" height=\"365\" srcset=\"https:\/\/chg.es\/wp-content\/uploads\/2024\/03\/Teproponemosregalarteunacenaalaluzdelasvelasenunamesapreciosallenadedetalles.\u00a1Ymuchasflores\u00a1Disfrutalaconquienquieras\ud83e\ude77\ud83e\ude75-nordicroomnordicmyscandinavianhomeslowminimalistinterior4all-240x300.jpg 240w, https:\/\/chg.es\/wp-content\/uploads\/2024\/03\/Teproponemosregalarteunacenaalaluzdelasvelasenunamesapreciosallenadedetalles.\u00a1Ymuchasflores\u00a1Disfrutalaconquienquieras\ud83e\ude77\ud83e\ude75-nordicroomnordicmyscandinavianhomeslowminimalistinterior4all-819x1024.jpg 819w, https:\/\/chg.es\/wp-content\/uploads\/2024\/03\/Teproponemosregalarteunacenaalaluzdelasvelasenunamesapreciosallenadedetalles.\u00a1Ymuchasflores\u00a1Disfrutalaconquienquieras\ud83e\ude77\ud83e\ude75-nordicroomnordicmyscandinavianhomeslowminimalistinterior4all-768x960.jpg 768w, https:\/\/chg.es\/wp-content\/uploads\/2024\/03\/Teproponemosregalarteunacenaalaluzdelasvelasenunamesapreciosallenadedetalles.\u00a1Ymuchasflores\u00a1Disfrutalaconquienquieras\ud83e\ude77\ud83e\ude75-nordicroomnordicmyscandinavianhomeslowminimalistinterior4all.jpg 1080w\" sizes=\"(max-width: 292px) 100vw, 292px\" \/><\/p>\n<h2 style=\"text-align: center\">Die Bedeutung von nat\u00fcrlichem Licht<\/h2>\n<p>Am besten kleiden Sie das Fenster mit hellen Textilien wie Leinen oder Baumwolle in hellen Farben. Wie wichtig es ist, das nat\u00fcrliche Licht zu nutzen, das uns diese neue Saison bietet. Das Geheimnis, den Fr\u00fchling nach Hause zu holen, besteht darin, Vorh\u00e4nge zu verwenden, die Licht durchlassen, so dass es den Raum erhellen und ihn offener machen kann. Sie k\u00f6nnen durch strategisch platzierte Spiegel zur Lichtreflexion erg\u00e4nzt werden.<\/p>\n<p><img loading=\"lazy\" decoding=\"async\" class=\"alignnone wp-image-35796 aligncenter\" src=\"https:\/\/chg.es\/wp-content\/uploads\/2024\/03\/QuecalmainspiraeldormitoriodeNoemi.\u00a1NosencantaEnlineaconlastendenciasyconunequilibrioperfectodeelementos-mueblesderejillacoloresclaroslanarizada.\u00a1Precioso@home.deco_.npernau-nordicroomn-240x300.jpg\" alt=\"\" width=\"310\" height=\"388\" srcset=\"https:\/\/chg.es\/wp-content\/uploads\/2024\/03\/QuecalmainspiraeldormitoriodeNoemi.\u00a1NosencantaEnlineaconlastendenciasyconunequilibrioperfectodeelementos-mueblesderejillacoloresclaroslanarizada.\u00a1Precioso@home.deco_.npernau-nordicroomn-240x300.jpg 240w, https:\/\/chg.es\/wp-content\/uploads\/2024\/03\/QuecalmainspiraeldormitoriodeNoemi.\u00a1NosencantaEnlineaconlastendenciasyconunequilibrioperfectodeelementos-mueblesderejillacoloresclaroslanarizada.\u00a1Precioso@home.deco_.npernau-nordicroomn-819x1024.jpg 819w, https:\/\/chg.es\/wp-content\/uploads\/2024\/03\/QuecalmainspiraeldormitoriodeNoemi.\u00a1NosencantaEnlineaconlastendenciasyconunequilibrioperfectodeelementos-mueblesderejillacoloresclaroslanarizada.\u00a1Precioso@home.deco_.npernau-nordicroomn-768x960.jpg 768w, https:\/\/chg.es\/wp-content\/uploads\/2024\/03\/QuecalmainspiraeldormitoriodeNoemi.\u00a1NosencantaEnlineaconlastendenciasyconunequilibrioperfectodeelementos-mueblesderejillacoloresclaroslanarizada.\u00a1Precioso@home.deco_.npernau-nordicroomn.jpg 1080w\" sizes=\"(max-width: 310px) 100vw, 310px\" \/><\/p>\n","protected":false},"excerpt":{"rendered":"<p>Mit der Ankunft des Fr\u00fchlings verwandelt sich unser Zuhause in ein Spiegelbild der Jahreszeit. Die leuchtenden Farben, nat\u00fcrlichen Texturen und frischen Dekorationselemente laden uns ein, die Umgebung zu erneuern. Es ist der perfekte Zeitpunkt, Farbtupfer, helle Materialien und dekorative Elemente einzuf\u00fchren, die an die Natur erinnern und so einen Raum voller Vitalit\u00e4t und Frische schaffen.&hellip;<\/p>\n","protected":false},"author":13,"featured_media":35779,"comment_status":"closed","ping_status":"open","sticky":false,"template":"","format":"standard","meta":{"footnotes":""},"categories":[120],"tags":[210,363],"class_list":["post-35809","post","type-post","status-publish","format-standard","has-post-thumbnail","hentry","category-chg-de","tag-chg-de","tag-fruehling","category-120","description-off"],"yoast_head":"<!-- This site is optimized with the Yoast SEO plugin v22.4 - https:\/\/yoast.com\/wordpress\/plugins\/seo\/ -->\n<title>Dekorationstrends f\u00fcr den Fr\u00fchling 2024-chg<\/title>\n<meta name=\"description\" content=\"Bis zum Fr\u00fchlingsanfang sind nur noch sehr wenige \u00fcbrig, und wir haben bereits Trends, die die Dekoration Ihres Zuhauses beeinflussen werden.\" \/>\n<meta name=\"robots\" content=\"index, follow, max-snippet:-1, max-image-preview:large, max-video-preview:-1\" \/>\n<link rel=\"canonical\" href=\"https:\/\/chg.es\/de\/resort-costa-blanca\/dekorationstrends-fuer-den-fruehling-2024-chg\" \/>\n<meta property=\"og:locale\" content=\"de_DE\" \/>\n<meta property=\"og:type\" content=\"article\" \/>\n<meta property=\"og:title\" content=\"Dekorationstrends f\u00fcr den Fr\u00fchling 2024-chg\" \/>\n<meta property=\"og:description\" content=\"Bis zum Fr\u00fchlingsanfang sind nur noch sehr wenige \u00fcbrig, und wir haben bereits Trends, die die Dekoration Ihres Zuhauses beeinflussen werden.\" \/>\n<meta property=\"og:url\" content=\"https:\/\/chg.es\/de\/resort-costa-blanca\/dekorationstrends-fuer-den-fruehling-2024-chg\" \/>\n<meta property=\"og:site_name\" content=\"CHG\" \/>\n<meta property=\"article:publisher\" content=\"https:\/\/www.facebook.com\/chgconstrucciones\/\" \/>\n<meta property=\"article:published_time\" content=\"2024-03-14T11:11:07+00:00\" \/>\n<meta property=\"og:image\" content=\"https:\/\/chg.es\/wp-content\/uploads\/2024\/03\/principaldestacada.jpg\" \/>\n\t<meta property=\"og:image:width\" content=\"1200\" \/>\n\t<meta property=\"og:image:height\" content=\"675\" \/>\n\t<meta property=\"og:image:type\" content=\"image\/jpeg\" \/>\n<meta name=\"author\" content=\"bearodriguezgimeno\" \/>\n<meta name=\"twitter:card\" content=\"summary_large_image\" \/>\n<meta name=\"twitter:label1\" content=\"Verfasst von\" \/>\n\t<meta name=\"twitter:data1\" content=\"bearodriguezgimeno\" \/>\n\t<meta name=\"twitter:label2\" content=\"Gesch\u00e4tzte Lesezeit\" \/>\n\t<meta name=\"twitter:data2\" content=\"3 Minuten\" \/>\n<script type=\"application\/ld+json\" class=\"yoast-schema-graph\">{\"@context\":\"https:\/\/schema.org\",\"@graph\":[{\"@type\":\"Article\",\"@id\":\"https:\/\/chg.es\/de\/resort-costa-blanca\/dekorationstrends-fuer-den-fruehling-2024-chg#article\",\"isPartOf\":{\"@id\":\"https:\/\/chg.es\/de\/resort-costa-blanca\/dekorationstrends-fuer-den-fruehling-2024-chg\"},\"author\":{\"name\":\"bearodriguezgimeno\",\"@id\":\"https:\/\/chg.es\/en\/#\/schema\/person\/df5352f31394c984c7428bfe7f95cd1d\"},\"headline\":\"Dekorationstrends f\u00fcr den Fr\u00fchling 2024\",\"datePublished\":\"2024-03-14T11:11:07+00:00\",\"dateModified\":\"2024-03-14T11:11:07+00:00\",\"mainEntityOfPage\":{\"@id\":\"https:\/\/chg.es\/de\/resort-costa-blanca\/dekorationstrends-fuer-den-fruehling-2024-chg\"},\"wordCount\":415,\"publisher\":{\"@id\":\"https:\/\/chg.es\/en\/#organization\"},\"image\":{\"@id\":\"https:\/\/chg.es\/de\/resort-costa-blanca\/dekorationstrends-fuer-den-fruehling-2024-chg#primaryimage\"},\"thumbnailUrl\":\"https:\/\/chg.es\/wp-content\/uploads\/2024\/03\/principaldestacada.jpg\",\"keywords\":[\"CHG\",\"Fr\u00fchling\"],\"articleSection\":[\"CHG\"],\"inLanguage\":\"de-DE\"},{\"@type\":\"WebPage\",\"@id\":\"https:\/\/chg.es\/de\/resort-costa-blanca\/dekorationstrends-fuer-den-fruehling-2024-chg\",\"url\":\"https:\/\/chg.es\/de\/resort-costa-blanca\/dekorationstrends-fuer-den-fruehling-2024-chg\",\"name\":\"Dekorationstrends f\u00fcr den Fr\u00fchling 2024-chg\",\"isPartOf\":{\"@id\":\"https:\/\/chg.es\/en\/#website\"},\"primaryImageOfPage\":{\"@id\":\"https:\/\/chg.es\/de\/resort-costa-blanca\/dekorationstrends-fuer-den-fruehling-2024-chg#primaryimage\"},\"image\":{\"@id\":\"https:\/\/chg.es\/de\/resort-costa-blanca\/dekorationstrends-fuer-den-fruehling-2024-chg#primaryimage\"},\"thumbnailUrl\":\"https:\/\/chg.es\/wp-content\/uploads\/2024\/03\/principaldestacada.jpg\",\"datePublished\":\"2024-03-14T11:11:07+00:00\",\"dateModified\":\"2024-03-14T11:11:07+00:00\",\"description\":\"Bis zum Fr\u00fchlingsanfang sind nur noch sehr wenige \u00fcbrig, und wir haben bereits Trends, die die Dekoration Ihres Zuhauses beeinflussen werden.\",\"breadcrumb\":{\"@id\":\"https:\/\/chg.es\/de\/resort-costa-blanca\/dekorationstrends-fuer-den-fruehling-2024-chg#breadcrumb\"},\"inLanguage\":\"de-DE\",\"potentialAction\":[{\"@type\":\"ReadAction\",\"target\":[\"https:\/\/chg.es\/de\/resort-costa-blanca\/dekorationstrends-fuer-den-fruehling-2024-chg\"]}]},{\"@type\":\"ImageObject\",\"inLanguage\":\"de-DE\",\"@id\":\"https:\/\/chg.es\/de\/resort-costa-blanca\/dekorationstrends-fuer-den-fruehling-2024-chg#primaryimage\",\"url\":\"https:\/\/chg.es\/wp-content\/uploads\/2024\/03\/principaldestacada.jpg\",\"contentUrl\":\"https:\/\/chg.es\/wp-content\/uploads\/2024\/03\/principaldestacada.jpg\",\"width\":1200,\"height\":675},{\"@type\":\"BreadcrumbList\",\"@id\":\"https:\/\/chg.es\/de\/resort-costa-blanca\/dekorationstrends-fuer-den-fruehling-2024-chg#breadcrumb\",\"itemListElement\":[{\"@type\":\"ListItem\",\"position\":1,\"name\":\"Home\",\"item\":\"https:\/\/chg.es\/home-3\"},{\"@type\":\"ListItem\",\"position\":2,\"name\":\"CHG\",\"item\":\"https:\/\/chg.es\/de\/resort-costa-blanca\/category\/chg-de\"},{\"@type\":\"ListItem\",\"position\":3,\"name\":\"Dekorationstrends f\u00fcr den Fr\u00fchling 2024\"}]},{\"@type\":\"WebSite\",\"@id\":\"https:\/\/chg.es\/en\/#website\",\"url\":\"https:\/\/chg.es\/en\/\",\"name\":\"CHG\",\"description\":\"CHG\",\"publisher\":{\"@id\":\"https:\/\/chg.es\/en\/#organization\"},\"potentialAction\":[{\"@type\":\"SearchAction\",\"target\":{\"@type\":\"EntryPoint\",\"urlTemplate\":\"https:\/\/chg.es\/en\/?s={search_term_string}\"},\"query-input\":\"required name=search_term_string\"}],\"inLanguage\":\"de-DE\"},{\"@type\":\"Organization\",\"@id\":\"https:\/\/chg.es\/en\/#organization\",\"name\":\"CHG\",\"url\":\"https:\/\/chg.es\/en\/\",\"logo\":{\"@type\":\"ImageObject\",\"inLanguage\":\"de-DE\",\"@id\":\"https:\/\/chg.es\/en\/#\/schema\/logo\/image\/\",\"url\":\"https:\/\/chg.es\/wp-content\/uploads\/2022\/09\/logo-chg.svg\",\"contentUrl\":\"https:\/\/chg.es\/wp-content\/uploads\/2022\/09\/logo-chg.svg\",\"caption\":\"CHG\"},\"image\":{\"@id\":\"https:\/\/chg.es\/en\/#\/schema\/logo\/image\/\"},\"sameAs\":[\"https:\/\/www.facebook.com\/chgconstrucciones\/\",\"https:\/\/www.instagram.com\/chg.es\/\",\"https:\/\/www.linkedin.com\/company\/construcciones-hispano-germanas\/about\/\"]},{\"@type\":\"Person\",\"@id\":\"https:\/\/chg.es\/en\/#\/schema\/person\/df5352f31394c984c7428bfe7f95cd1d\",\"name\":\"bearodriguezgimeno\",\"image\":{\"@type\":\"ImageObject\",\"inLanguage\":\"de-DE\",\"@id\":\"https:\/\/chg.es\/en\/#\/schema\/person\/image\/\",\"url\":\"https:\/\/secure.gravatar.com\/avatar\/910dd3fe0d04301864994fc0ce938b2bf16d5138a6cc5c4d081d870be555e0b6?s=96&d=mm&r=g\",\"contentUrl\":\"https:\/\/secure.gravatar.com\/avatar\/910dd3fe0d04301864994fc0ce938b2bf16d5138a6cc5c4d081d870be555e0b6?s=96&d=mm&r=g\",\"caption\":\"bearodriguezgimeno\"},\"url\":\"https:\/\/chg.es\/de\/resort-costa-blanca\/author\/bearodriguezgimeno\"}]}<\/script>\n<!-- \/ Yoast SEO plugin. -->","yoast_head_json":{"title":"Dekorationstrends f\u00fcr den Fr\u00fchling 2024-chg","description":"Bis zum Fr\u00fchlingsanfang sind nur noch sehr wenige \u00fcbrig, und wir haben bereits Trends, die die Dekoration Ihres Zuhauses beeinflussen werden.","robots":{"index":"index","follow":"follow","max-snippet":"max-snippet:-1","max-image-preview":"max-image-preview:large","max-video-preview":"max-video-preview:-1"},"canonical":"https:\/\/chg.es\/de\/resort-costa-blanca\/dekorationstrends-fuer-den-fruehling-2024-chg","og_locale":"de_DE","og_type":"article","og_title":"Dekorationstrends f\u00fcr den Fr\u00fchling 2024-chg","og_description":"Bis zum Fr\u00fchlingsanfang sind nur noch sehr wenige \u00fcbrig, und wir haben bereits Trends, die die Dekoration Ihres Zuhauses beeinflussen werden.","og_url":"https:\/\/chg.es\/de\/resort-costa-blanca\/dekorationstrends-fuer-den-fruehling-2024-chg","og_site_name":"CHG","article_publisher":"https:\/\/www.facebook.com\/chgconstrucciones\/","article_published_time":"2024-03-14T11:11:07+00:00","og_image":[{"width":1200,"height":675,"url":"https:\/\/chg.es\/wp-content\/uploads\/2024\/03\/principaldestacada.jpg","type":"image\/jpeg"}],"author":"bearodriguezgimeno","twitter_card":"summary_large_image","twitter_misc":{"Verfasst von":"bearodriguezgimeno","Gesch\u00e4tzte Lesezeit":"3 Minuten"},"schema":{"@context":"https:\/\/schema.org","@graph":[{"@type":"Article","@id":"https:\/\/chg.es\/de\/resort-costa-blanca\/dekorationstrends-fuer-den-fruehling-2024-chg#article","isPartOf":{"@id":"https:\/\/chg.es\/de\/resort-costa-blanca\/dekorationstrends-fuer-den-fruehling-2024-chg"},"author":{"name":"bearodriguezgimeno","@id":"https:\/\/chg.es\/en\/#\/schema\/person\/df5352f31394c984c7428bfe7f95cd1d"},"headline":"Dekorationstrends f\u00fcr den Fr\u00fchling 2024","datePublished":"2024-03-14T11:11:07+00:00","dateModified":"2024-03-14T11:11:07+00:00","mainEntityOfPage":{"@id":"https:\/\/chg.es\/de\/resort-costa-blanca\/dekorationstrends-fuer-den-fruehling-2024-chg"},"wordCount":415,"publisher":{"@id":"https:\/\/chg.es\/en\/#organization"},"image":{"@id":"https:\/\/chg.es\/de\/resort-costa-blanca\/dekorationstrends-fuer-den-fruehling-2024-chg#primaryimage"},"thumbnailUrl":"https:\/\/chg.es\/wp-content\/uploads\/2024\/03\/principaldestacada.jpg","keywords":["CHG","Fr\u00fchling"],"articleSection":["CHG"],"inLanguage":"de-DE"},{"@type":"WebPage","@id":"https:\/\/chg.es\/de\/resort-costa-blanca\/dekorationstrends-fuer-den-fruehling-2024-chg","url":"https:\/\/chg.es\/de\/resort-costa-blanca\/dekorationstrends-fuer-den-fruehling-2024-chg","name":"Dekorationstrends f\u00fcr den Fr\u00fchling 2024-chg","isPartOf":{"@id":"https:\/\/chg.es\/en\/#website"},"primaryImageOfPage":{"@id":"https:\/\/chg.es\/de\/resort-costa-blanca\/dekorationstrends-fuer-den-fruehling-2024-chg#primaryimage"},"image":{"@id":"https:\/\/chg.es\/de\/resort-costa-blanca\/dekorationstrends-fuer-den-fruehling-2024-chg#primaryimage"},"thumbnailUrl":"https:\/\/chg.es\/wp-content\/uploads\/2024\/03\/principaldestacada.jpg","datePublished":"2024-03-14T11:11:07+00:00","dateModified":"2024-03-14T11:11:07+00:00","description":"Bis zum Fr\u00fchlingsanfang sind nur noch sehr wenige \u00fcbrig, und wir haben bereits Trends, die die Dekoration Ihres Zuhauses beeinflussen werden.","breadcrumb":{"@id":"https:\/\/chg.es\/de\/resort-costa-blanca\/dekorationstrends-fuer-den-fruehling-2024-chg#breadcrumb"},"inLanguage":"de-DE","potentialAction":[{"@type":"ReadAction","target":["https:\/\/chg.es\/de\/resort-costa-blanca\/dekorationstrends-fuer-den-fruehling-2024-chg"]}]},{"@type":"ImageObject","inLanguage":"de-DE","@id":"https:\/\/chg.es\/de\/resort-costa-blanca\/dekorationstrends-fuer-den-fruehling-2024-chg#primaryimage","url":"https:\/\/chg.es\/wp-content\/uploads\/2024\/03\/principaldestacada.jpg","contentUrl":"https:\/\/chg.es\/wp-content\/uploads\/2024\/03\/principaldestacada.jpg","width":1200,"height":675},{"@type":"BreadcrumbList","@id":"https:\/\/chg.es\/de\/resort-costa-blanca\/dekorationstrends-fuer-den-fruehling-2024-chg#breadcrumb","itemListElement":[{"@type":"ListItem","position":1,"name":"Home","item":"https:\/\/chg.es\/home-3"},{"@type":"ListItem","position":2,"name":"CHG","item":"https:\/\/chg.es\/de\/resort-costa-blanca\/category\/chg-de"},{"@type":"ListItem","position":3,"name":"Dekorationstrends f\u00fcr den Fr\u00fchling 2024"}]},{"@type":"WebSite","@id":"https:\/\/chg.es\/en\/#website","url":"https:\/\/chg.es\/en\/","name":"CHG","description":"CHG","publisher":{"@id":"https:\/\/chg.es\/en\/#organization"},"potentialAction":[{"@type":"SearchAction","target":{"@type":"EntryPoint","urlTemplate":"https:\/\/chg.es\/en\/?s={search_term_string}"},"query-input":"required name=search_term_string"}],"inLanguage":"de-DE"},{"@type":"Organization","@id":"https:\/\/chg.es\/en\/#organization","name":"CHG","url":"https:\/\/chg.es\/en\/","logo":{"@type":"ImageObject","inLanguage":"de-DE","@id":"https:\/\/chg.es\/en\/#\/schema\/logo\/image\/","url":"https:\/\/chg.es\/wp-content\/uploads\/2022\/09\/logo-chg.svg","contentUrl":"https:\/\/chg.es\/wp-content\/uploads\/2022\/09\/logo-chg.svg","caption":"CHG"},"image":{"@id":"https:\/\/chg.es\/en\/#\/schema\/logo\/image\/"},"sameAs":["https:\/\/www.facebook.com\/chgconstrucciones\/","https:\/\/www.instagram.com\/chg.es\/","https:\/\/www.linkedin.com\/company\/construcciones-hispano-germanas\/about\/"]},{"@type":"Person","@id":"https:\/\/chg.es\/en\/#\/schema\/person\/df5352f31394c984c7428bfe7f95cd1d","name":"bearodriguezgimeno","image":{"@type":"ImageObject","inLanguage":"de-DE","@id":"https:\/\/chg.es\/en\/#\/schema\/person\/image\/","url":"https:\/\/secure.gravatar.com\/avatar\/910dd3fe0d04301864994fc0ce938b2bf16d5138a6cc5c4d081d870be555e0b6?s=96&d=mm&r=g","contentUrl":"https:\/\/secure.gravatar.com\/avatar\/910dd3fe0d04301864994fc0ce938b2bf16d5138a6cc5c4d081d870be555e0b6?s=96&d=mm&r=g","caption":"bearodriguezgimeno"},"url":"https:\/\/chg.es\/de\/resort-costa-blanca\/author\/bearodriguezgimeno"}]}},"_links":{"self":[{"href":"https:\/\/chg.es\/de\/wp-json\/wp\/v2\/posts\/35809","targetHints":{"allow":["GET"]}}],"collection":[{"href":"https:\/\/chg.es\/de\/wp-json\/wp\/v2\/posts"}],"about":[{"href":"https:\/\/chg.es\/de\/wp-json\/wp\/v2\/types\/post"}],"author":[{"embeddable":true,"href":"https:\/\/chg.es\/de\/wp-json\/wp\/v2\/users\/13"}],"replies":[{"embeddable":true,"href":"https:\/\/chg.es\/de\/wp-json\/wp\/v2\/comments?post=35809"}],"version-history":[{"count":0,"href":"https:\/\/chg.es\/de\/wp-json\/wp\/v2\/posts\/35809\/revisions"}],"wp:featuredmedia":[{"embeddable":true,"href":"https:\/\/chg.es\/de\/wp-json\/wp\/v2\/media\/35779"}],"wp:attachment":[{"href":"https:\/\/chg.es\/de\/wp-json\/wp\/v2\/media?parent=35809"}],"wp:term":[{"taxonomy":"category","embeddable":true,"href":"https:\/\/chg.es\/de\/wp-json\/wp\/v2\/categories?post=35809"},{"taxonomy":"post_tag","embeddable":true,"href":"https:\/\/chg.es\/de\/wp-json\/wp\/v2\/tags?post=35809"}],"curies":[{"name":"wp","href":"https:\/\/api.w.org\/{rel}","templated":true}]}}