{"id":36696,"date":"2024-04-12T13:28:39","date_gmt":"2024-04-12T11:28:39","guid":{"rendered":"https:\/\/chg.es\/?p=36696"},"modified":"2024-04-12T13:28:39","modified_gmt":"2024-04-12T11:28:39","slug":"architectes-dinterieur-espagnols-que-vous-devriez-suivre-en-2024","status":"publish","type":"post","link":"https:\/\/chg.es\/fr\/resort-costa-blanca\/architectes-dinterieur-espagnols-que-vous-devriez-suivre-en-2024","title":{"rendered":"Architectes d&rsquo;int\u00e9rieur espagnols que vous devriez suivre en 2024"},"content":{"rendered":"<p>Vous venez d&rsquo;acheter l&rsquo;une de nos promotions ou envisagez de le faire ? La prochaine \u00e9tape consiste \u00e0 d\u00e9corer votre maison pour la pr\u00e9parer. Si vous \u00eates en qu\u00eate d&rsquo;inspiration, vous devez rencontrer les architectes d&rsquo;int\u00e9rieur espagnols qui r\u00e9volutionnent cette ann\u00e9e le monde de la d\u00e9coration. Prends note!<\/p>\n<h2 style=\"text-align: center\">Sandra Tarruella Architectes d&rsquo;int\u00e9rieur<\/h2>\n<p>Le studio de Sandra Tarruella Interioristas, bas\u00e9 \u00e0 Barcelone, poss\u00e8de une vaste exp\u00e9rience dans la conception de projets de design d&rsquo;int\u00e9rieur qui couvrent notamment les restaurants, les h\u00f4tels, les bureaux, les commerces de d\u00e9tail et autres espaces commerciaux. Son champ d&rsquo;action s&rsquo;\u00e9tend \u00e0 d&rsquo;autres projets tels que des caves viticoles, des spas ou des propositions \u00e9ph\u00e9m\u00e8res. Le trait le plus caract\u00e9ristique de son travail est l&rsquo;\u00e9quilibre entre contemporan\u00e9it\u00e9 et intemporalit\u00e9 de ses cr\u00e9ations. Des projets capables de se connecter avec le pr\u00e9sent et le futur.<\/p>\n<p><img fetchpriority=\"high\" decoding=\"async\" class=\"alignnone wp-image-36610 aligncenter\" src=\"https:\/\/chg.es\/wp-content\/uploads\/2024\/04\/sandra-tarruella-3-200x300.webp\" alt=\"\" width=\"240\" height=\"360\" srcset=\"https:\/\/chg.es\/wp-content\/uploads\/2024\/04\/sandra-tarruella-3-200x300.webp 200w, https:\/\/chg.es\/wp-content\/uploads\/2024\/04\/sandra-tarruella-3-682x1024.webp 682w, https:\/\/chg.es\/wp-content\/uploads\/2024\/04\/sandra-tarruella-3-768x1153.webp 768w, https:\/\/chg.es\/wp-content\/uploads\/2024\/04\/sandra-tarruella-3-1023x1536.webp 1023w, https:\/\/chg.es\/wp-content\/uploads\/2024\/04\/sandra-tarruella-3.webp 1066w\" sizes=\"(max-width: 240px) 100vw, 240px\" \/><\/p>\n<h2 style=\"text-align: center\">Astet<\/h2>\n<p>Il s&rsquo;agit du studio de design multidisciplinaire prim\u00e9 bas\u00e9 \u00e0 Barcelone, qui a re\u00e7u le prix \u00ab designers \u00e9mergents \u00bb en 2022 par AD Awards, et a \u00e9t\u00e9 fond\u00e9 par les architectes \u00d3scar Engroba et Ala Zreigat. Le studio dispose d&rsquo;une \u00e9quipe internationale, compos\u00e9e de designers et d&rsquo;architectes, qui travaillent dans les domaines de l&rsquo;architecture, du design d&rsquo;int\u00e9rieur, du design industriel et de la direction artistique.<\/p>\n<p><img decoding=\"async\" class=\"wp-image-36615 aligncenter\" src=\"https:\/\/chg.es\/wp-content\/uploads\/2024\/04\/AstetStudio1-229x300.webp\" alt=\"\" width=\"279\" height=\"366\" srcset=\"https:\/\/chg.es\/wp-content\/uploads\/2024\/04\/AstetStudio1-229x300.webp 229w, https:\/\/chg.es\/wp-content\/uploads\/2024\/04\/AstetStudio1-781x1024.webp 781w, https:\/\/chg.es\/wp-content\/uploads\/2024\/04\/AstetStudio1-768x1007.webp 768w, https:\/\/chg.es\/wp-content\/uploads\/2024\/04\/AstetStudio1-1172x1536.webp 1172w, https:\/\/chg.es\/wp-content\/uploads\/2024\/04\/AstetStudio1-1563x2048.webp 1563w, https:\/\/chg.es\/wp-content\/uploads\/2024\/04\/AstetStudio1.webp 1600w\" sizes=\"(max-width: 279px) 100vw, 279px\" \/><\/p>\n<h2 style=\"text-align: center\">Lucas et Hern\u00e1ndez Gil<\/h2>\n<p>Cristina Dom\u00ednguez Lucas et Fernando Hern\u00e1ndez-Gil Ruano, dipl\u00f4m\u00e9s de l&rsquo;ETSAM, ont fond\u00e9 Lucas y Hern\u00e1ndez Gil Arquitectos en 2007, travaillant sur des projets d&rsquo;architecture et de design. Ils d\u00e9veloppent ensuite leur marque Kresta Design, sp\u00e9cialis\u00e9e dans la conception et la fabrication de meubles ainsi que dans les interventions \u00e9ph\u00e9m\u00e8res. Ils se caract\u00e9risent par la recherche d\u2019un point de vue diff\u00e9rent, avec un m\u00e9lange de curiosit\u00e9, d\u2019intuition et d\u2019artisanat. Et leur objectif est de d\u00e9couvrir une histoire dans chaque projet o\u00f9 toutes les pi\u00e8ces s&#8217;embo\u00eetent.<\/p>\n<p><img decoding=\"async\" class=\"wp-image-36620 aligncenter\" src=\"https:\/\/chg.es\/wp-content\/uploads\/2024\/04\/01LUCASYHERNANDEZ_GIL_FERNANDOUCEDA_02-213x300.webp\" alt=\"\" width=\"279\" height=\"393\" srcset=\"https:\/\/chg.es\/wp-content\/uploads\/2024\/04\/01LUCASYHERNANDEZ_GIL_FERNANDOUCEDA_02-213x300.webp 213w, https:\/\/chg.es\/wp-content\/uploads\/2024\/04\/01LUCASYHERNANDEZ_GIL_FERNANDOUCEDA_02-728x1024.webp 728w, https:\/\/chg.es\/wp-content\/uploads\/2024\/04\/01LUCASYHERNANDEZ_GIL_FERNANDOUCEDA_02-768x1081.webp 768w, https:\/\/chg.es\/wp-content\/uploads\/2024\/04\/01LUCASYHERNANDEZ_GIL_FERNANDOUCEDA_02-1091x1536.webp 1091w, https:\/\/chg.es\/wp-content\/uploads\/2024\/04\/01LUCASYHERNANDEZ_GIL_FERNANDOUCEDA_02-1455x2048.webp 1455w, https:\/\/chg.es\/wp-content\/uploads\/2024\/04\/01LUCASYHERNANDEZ_GIL_FERNANDOUCEDA_02.webp 1600w\" sizes=\"(max-width: 279px) 100vw, 279px\" \/><\/p>\n<h2 style=\"text-align: center\">Marta de la Rica<\/h2>\n<p>Marta de la Rica a commenc\u00e9 sa carri\u00e8re professionnelle en tant qu&rsquo;architecte d&rsquo;int\u00e9rieur en 2011, \u00e0 Madrid. Apr\u00e8s quelques ann\u00e9es \u00e0 New York, o\u00f9 il a travaill\u00e9 sur divers projets, il revient \u00e0 Madrid et commence \u00e0 constituer son \u00e9quipe. \u00c0 partir de l\u00e0, ils abordent diff\u00e9rents types de projets en fonction des besoins de leurs clients, avec une philosophie de personnalisation et d&rsquo;exclusivit\u00e9 qui donne naissance \u00e0 des projets enti\u00e8rement sur mesure.<\/p>\n<p><img loading=\"lazy\" decoding=\"async\" class=\"alignnone wp-image-36625 aligncenter\" src=\"https:\/\/chg.es\/wp-content\/uploads\/2024\/04\/RETRATO-200x300.webp\" alt=\"\" width=\"232\" height=\"348\" srcset=\"https:\/\/chg.es\/wp-content\/uploads\/2024\/04\/RETRATO-200x300.webp 200w, https:\/\/chg.es\/wp-content\/uploads\/2024\/04\/RETRATO-683x1024.webp 683w, https:\/\/chg.es\/wp-content\/uploads\/2024\/04\/RETRATO-768x1152.webp 768w, https:\/\/chg.es\/wp-content\/uploads\/2024\/04\/RETRATO-1024x1536.webp 1024w, https:\/\/chg.es\/wp-content\/uploads\/2024\/04\/RETRATO.webp 1200w\" sizes=\"(max-width: 232px) 100vw, 232px\" \/><\/p>\n<h2 style=\"text-align: center\">Marcos Catal\u00e1n et Mar\u00eda Garc\u00eda Orte<\/h2>\n<p>Marcos Catal\u00e1n &amp; Marta Garcia Orte est un studio de design d&rsquo;int\u00e9rieur et d&rsquo;architecture avec plus de 15 ans d&rsquo;exp\u00e9rience, o\u00f9 les projets sont d\u00e9velopp\u00e9s de mani\u00e8re pr\u00e9cise, rigoureuse et rationnelle, en accordant une attention particuli\u00e8re aux aspects sensoriels. Les \u0153uvres sont r\u00e9alis\u00e9es comme un costume sur mesure pour chaque circonstance, aspirant \u00e0 am\u00e9liorer l&rsquo;exp\u00e9rience des lieux dans lesquels elles interviennent.<\/p>\n<p><img loading=\"lazy\" decoding=\"async\" class=\"alignnone wp-image-36630 aligncenter\" src=\"https:\/\/chg.es\/wp-content\/uploads\/2024\/04\/2MARCOS-CATALAN-Y-MARTA-GARCIA-ORTE_retrato-300x266.webp\" alt=\"\" width=\"364\" height=\"323\" srcset=\"https:\/\/chg.es\/wp-content\/uploads\/2024\/04\/2MARCOS-CATALAN-Y-MARTA-GARCIA-ORTE_retrato-300x266.webp 300w, https:\/\/chg.es\/wp-content\/uploads\/2024\/04\/2MARCOS-CATALAN-Y-MARTA-GARCIA-ORTE_retrato-1024x909.webp 1024w, https:\/\/chg.es\/wp-content\/uploads\/2024\/04\/2MARCOS-CATALAN-Y-MARTA-GARCIA-ORTE_retrato-768x682.webp 768w, https:\/\/chg.es\/wp-content\/uploads\/2024\/04\/2MARCOS-CATALAN-Y-MARTA-GARCIA-ORTE_retrato-1536x1363.webp 1536w, https:\/\/chg.es\/wp-content\/uploads\/2024\/04\/2MARCOS-CATALAN-Y-MARTA-GARCIA-ORTE_retrato.webp 1600w\" sizes=\"(max-width: 364px) 100vw, 364px\" \/><\/p>\n","protected":false},"excerpt":{"rendered":"<p>Vous venez d&rsquo;acheter l&rsquo;une de nos promotions ou envisagez de le faire ? La prochaine \u00e9tape consiste \u00e0 d\u00e9corer votre maison pour la pr\u00e9parer. Si vous \u00eates en qu\u00eate d&rsquo;inspiration, vous devez rencontrer les architectes d&rsquo;int\u00e9rieur espagnols qui r\u00e9volutionnent cette ann\u00e9e le monde de la d\u00e9coration. Prends note! Sandra Tarruella Architectes d&rsquo;int\u00e9rieur Le studio de&hellip;<\/p>\n","protected":false},"author":13,"featured_media":36607,"comment_status":"closed","ping_status":"open","sticky":false,"template":"","format":"standard","meta":{"footnotes":""},"categories":[121],"tags":[393,208],"class_list":["post-36696","post","type-post","status-publish","format-standard","has-post-thumbnail","hentry","category-chg-fr","tag-architectes-dinterieur","tag-chg-fr","category-121","description-off"],"yoast_head":"<!-- This site is optimized with the Yoast SEO plugin v22.4 - https:\/\/yoast.com\/wordpress\/plugins\/seo\/ -->\n<title>Architectes d&#039;int\u00e9rieur espagnols que vous devriez suivre en 2024<\/title>\n<meta name=\"description\" content=\"Si vous \u00eates \u00e0 la recherche d&#039;inspiration d\u00e9co, vous devez rencontrer ces architectes d&#039;int\u00e9rieur espagnols qui vont r\u00e9volutionner 2024.\" \/>\n<meta name=\"robots\" content=\"index, follow, max-snippet:-1, max-image-preview:large, max-video-preview:-1\" \/>\n<link rel=\"canonical\" href=\"https:\/\/chg.es\/fr\/resort-costa-blanca\/architectes-dinterieur-espagnols-que-vous-devriez-suivre-en-2024\" \/>\n<meta property=\"og:locale\" content=\"fr_FR\" \/>\n<meta property=\"og:type\" content=\"article\" \/>\n<meta property=\"og:title\" content=\"Architectes d&#039;int\u00e9rieur espagnols que vous devriez suivre en 2024\" \/>\n<meta property=\"og:description\" content=\"Si vous \u00eates \u00e0 la recherche d&#039;inspiration d\u00e9co, vous devez rencontrer ces architectes d&#039;int\u00e9rieur espagnols qui vont r\u00e9volutionner 2024.\" \/>\n<meta property=\"og:url\" content=\"https:\/\/chg.es\/fr\/resort-costa-blanca\/architectes-dinterieur-espagnols-que-vous-devriez-suivre-en-2024\" \/>\n<meta property=\"og:site_name\" content=\"CHG\" \/>\n<meta property=\"article:publisher\" content=\"https:\/\/www.facebook.com\/chgconstrucciones\/\" \/>\n<meta property=\"article:published_time\" content=\"2024-04-12T11:28:39+00:00\" \/>\n<meta property=\"og:image\" content=\"https:\/\/chg.es\/wp-content\/uploads\/2024\/04\/Diseno-sin-titulo-2024-04-10T111535.414.jpg\" \/>\n\t<meta property=\"og:image:width\" content=\"1200\" \/>\n\t<meta property=\"og:image:height\" content=\"675\" \/>\n\t<meta property=\"og:image:type\" content=\"image\/jpeg\" \/>\n<meta name=\"author\" content=\"bearodriguezgimeno\" \/>\n<meta name=\"twitter:card\" content=\"summary_large_image\" \/>\n<meta name=\"twitter:label1\" content=\"\u00c9crit par\" \/>\n\t<meta name=\"twitter:data1\" content=\"bearodriguezgimeno\" \/>\n\t<meta name=\"twitter:label2\" content=\"Dur\u00e9e de lecture estim\u00e9e\" \/>\n\t<meta name=\"twitter:data2\" content=\"3 minutes\" \/>\n<script type=\"application\/ld+json\" class=\"yoast-schema-graph\">{\"@context\":\"https:\/\/schema.org\",\"@graph\":[{\"@type\":\"Article\",\"@id\":\"https:\/\/chg.es\/fr\/resort-costa-blanca\/architectes-dinterieur-espagnols-que-vous-devriez-suivre-en-2024#article\",\"isPartOf\":{\"@id\":\"https:\/\/chg.es\/fr\/resort-costa-blanca\/architectes-dinterieur-espagnols-que-vous-devriez-suivre-en-2024\"},\"author\":{\"name\":\"bearodriguezgimeno\",\"@id\":\"https:\/\/chg.es\/en\/#\/schema\/person\/df5352f31394c984c7428bfe7f95cd1d\"},\"headline\":\"Architectes d&rsquo;int\u00e9rieur espagnols que vous devriez suivre en 2024\",\"datePublished\":\"2024-04-12T11:28:39+00:00\",\"dateModified\":\"2024-04-12T11:28:39+00:00\",\"mainEntityOfPage\":{\"@id\":\"https:\/\/chg.es\/fr\/resort-costa-blanca\/architectes-dinterieur-espagnols-que-vous-devriez-suivre-en-2024\"},\"wordCount\":516,\"publisher\":{\"@id\":\"https:\/\/chg.es\/en\/#organization\"},\"image\":{\"@id\":\"https:\/\/chg.es\/fr\/resort-costa-blanca\/architectes-dinterieur-espagnols-que-vous-devriez-suivre-en-2024#primaryimage\"},\"thumbnailUrl\":\"https:\/\/chg.es\/wp-content\/uploads\/2024\/04\/Diseno-sin-titulo-2024-04-10T111535.414.jpg\",\"keywords\":[\"architectes d'int\u00e9rieur\",\"CHG\"],\"articleSection\":[\"CHG\"],\"inLanguage\":\"fr-FR\"},{\"@type\":\"WebPage\",\"@id\":\"https:\/\/chg.es\/fr\/resort-costa-blanca\/architectes-dinterieur-espagnols-que-vous-devriez-suivre-en-2024\",\"url\":\"https:\/\/chg.es\/fr\/resort-costa-blanca\/architectes-dinterieur-espagnols-que-vous-devriez-suivre-en-2024\",\"name\":\"Architectes d'int\u00e9rieur espagnols que vous devriez suivre en 2024\",\"isPartOf\":{\"@id\":\"https:\/\/chg.es\/en\/#website\"},\"primaryImageOfPage\":{\"@id\":\"https:\/\/chg.es\/fr\/resort-costa-blanca\/architectes-dinterieur-espagnols-que-vous-devriez-suivre-en-2024#primaryimage\"},\"image\":{\"@id\":\"https:\/\/chg.es\/fr\/resort-costa-blanca\/architectes-dinterieur-espagnols-que-vous-devriez-suivre-en-2024#primaryimage\"},\"thumbnailUrl\":\"https:\/\/chg.es\/wp-content\/uploads\/2024\/04\/Diseno-sin-titulo-2024-04-10T111535.414.jpg\",\"datePublished\":\"2024-04-12T11:28:39+00:00\",\"dateModified\":\"2024-04-12T11:28:39+00:00\",\"description\":\"Si vous \u00eates \u00e0 la recherche d'inspiration d\u00e9co, vous devez rencontrer ces architectes d'int\u00e9rieur espagnols qui vont r\u00e9volutionner 2024.\",\"breadcrumb\":{\"@id\":\"https:\/\/chg.es\/fr\/resort-costa-blanca\/architectes-dinterieur-espagnols-que-vous-devriez-suivre-en-2024#breadcrumb\"},\"inLanguage\":\"fr-FR\",\"potentialAction\":[{\"@type\":\"ReadAction\",\"target\":[\"https:\/\/chg.es\/fr\/resort-costa-blanca\/architectes-dinterieur-espagnols-que-vous-devriez-suivre-en-2024\"]}]},{\"@type\":\"ImageObject\",\"inLanguage\":\"fr-FR\",\"@id\":\"https:\/\/chg.es\/fr\/resort-costa-blanca\/architectes-dinterieur-espagnols-que-vous-devriez-suivre-en-2024#primaryimage\",\"url\":\"https:\/\/chg.es\/wp-content\/uploads\/2024\/04\/Diseno-sin-titulo-2024-04-10T111535.414.jpg\",\"contentUrl\":\"https:\/\/chg.es\/wp-content\/uploads\/2024\/04\/Diseno-sin-titulo-2024-04-10T111535.414.jpg\",\"width\":1200,\"height\":675,\"caption\":\"xr:d:DAGCARSqTsE:2,j:5309042476771957098,t:24041009\"},{\"@type\":\"BreadcrumbList\",\"@id\":\"https:\/\/chg.es\/fr\/resort-costa-blanca\/architectes-dinterieur-espagnols-que-vous-devriez-suivre-en-2024#breadcrumb\",\"itemListElement\":[{\"@type\":\"ListItem\",\"position\":1,\"name\":\"Home\",\"item\":\"https:\/\/chg.es\/\"},{\"@type\":\"ListItem\",\"position\":2,\"name\":\"CHG\",\"item\":\"https:\/\/chg.es\/fr\/resort-costa-blanca\/category\/chg-fr\"},{\"@type\":\"ListItem\",\"position\":3,\"name\":\"Architectes d&#8217;int\u00e9rieur espagnols que vous devriez suivre en 2024\"}]},{\"@type\":\"WebSite\",\"@id\":\"https:\/\/chg.es\/en\/#website\",\"url\":\"https:\/\/chg.es\/en\/\",\"name\":\"CHG\",\"description\":\"CHG\",\"publisher\":{\"@id\":\"https:\/\/chg.es\/en\/#organization\"},\"potentialAction\":[{\"@type\":\"SearchAction\",\"target\":{\"@type\":\"EntryPoint\",\"urlTemplate\":\"https:\/\/chg.es\/en\/?s={search_term_string}\"},\"query-input\":\"required name=search_term_string\"}],\"inLanguage\":\"fr-FR\"},{\"@type\":\"Organization\",\"@id\":\"https:\/\/chg.es\/en\/#organization\",\"name\":\"CHG\",\"url\":\"https:\/\/chg.es\/en\/\",\"logo\":{\"@type\":\"ImageObject\",\"inLanguage\":\"fr-FR\",\"@id\":\"https:\/\/chg.es\/en\/#\/schema\/logo\/image\/\",\"url\":\"https:\/\/chg.es\/wp-content\/uploads\/2022\/09\/logo-chg.svg\",\"contentUrl\":\"https:\/\/chg.es\/wp-content\/uploads\/2022\/09\/logo-chg.svg\",\"caption\":\"CHG\"},\"image\":{\"@id\":\"https:\/\/chg.es\/en\/#\/schema\/logo\/image\/\"},\"sameAs\":[\"https:\/\/www.facebook.com\/chgconstrucciones\/\",\"https:\/\/www.instagram.com\/chg.es\/\",\"https:\/\/www.linkedin.com\/company\/construcciones-hispano-germanas\/about\/\"]},{\"@type\":\"Person\",\"@id\":\"https:\/\/chg.es\/en\/#\/schema\/person\/df5352f31394c984c7428bfe7f95cd1d\",\"name\":\"bearodriguezgimeno\",\"image\":{\"@type\":\"ImageObject\",\"inLanguage\":\"fr-FR\",\"@id\":\"https:\/\/chg.es\/en\/#\/schema\/person\/image\/\",\"url\":\"https:\/\/secure.gravatar.com\/avatar\/910dd3fe0d04301864994fc0ce938b2bf16d5138a6cc5c4d081d870be555e0b6?s=96&d=mm&r=g\",\"contentUrl\":\"https:\/\/secure.gravatar.com\/avatar\/910dd3fe0d04301864994fc0ce938b2bf16d5138a6cc5c4d081d870be555e0b6?s=96&d=mm&r=g\",\"caption\":\"bearodriguezgimeno\"},\"url\":\"https:\/\/chg.es\/fr\/resort-costa-blanca\/author\/bearodriguezgimeno\"}]}<\/script>\n<!-- \/ Yoast SEO plugin. -->","yoast_head_json":{"title":"Architectes d'int\u00e9rieur espagnols que vous devriez suivre en 2024","description":"Si vous \u00eates \u00e0 la recherche d'inspiration d\u00e9co, vous devez rencontrer ces architectes d'int\u00e9rieur espagnols qui vont r\u00e9volutionner 2024.","robots":{"index":"index","follow":"follow","max-snippet":"max-snippet:-1","max-image-preview":"max-image-preview:large","max-video-preview":"max-video-preview:-1"},"canonical":"https:\/\/chg.es\/fr\/resort-costa-blanca\/architectes-dinterieur-espagnols-que-vous-devriez-suivre-en-2024","og_locale":"fr_FR","og_type":"article","og_title":"Architectes d'int\u00e9rieur espagnols que vous devriez suivre en 2024","og_description":"Si vous \u00eates \u00e0 la recherche d'inspiration d\u00e9co, vous devez rencontrer ces architectes d'int\u00e9rieur espagnols qui vont r\u00e9volutionner 2024.","og_url":"https:\/\/chg.es\/fr\/resort-costa-blanca\/architectes-dinterieur-espagnols-que-vous-devriez-suivre-en-2024","og_site_name":"CHG","article_publisher":"https:\/\/www.facebook.com\/chgconstrucciones\/","article_published_time":"2024-04-12T11:28:39+00:00","og_image":[{"width":1200,"height":675,"url":"https:\/\/chg.es\/wp-content\/uploads\/2024\/04\/Diseno-sin-titulo-2024-04-10T111535.414.jpg","type":"image\/jpeg"}],"author":"bearodriguezgimeno","twitter_card":"summary_large_image","twitter_misc":{"\u00c9crit par":"bearodriguezgimeno","Dur\u00e9e de lecture estim\u00e9e":"3 minutes"},"schema":{"@context":"https:\/\/schema.org","@graph":[{"@type":"Article","@id":"https:\/\/chg.es\/fr\/resort-costa-blanca\/architectes-dinterieur-espagnols-que-vous-devriez-suivre-en-2024#article","isPartOf":{"@id":"https:\/\/chg.es\/fr\/resort-costa-blanca\/architectes-dinterieur-espagnols-que-vous-devriez-suivre-en-2024"},"author":{"name":"bearodriguezgimeno","@id":"https:\/\/chg.es\/en\/#\/schema\/person\/df5352f31394c984c7428bfe7f95cd1d"},"headline":"Architectes d&rsquo;int\u00e9rieur espagnols que vous devriez suivre en 2024","datePublished":"2024-04-12T11:28:39+00:00","dateModified":"2024-04-12T11:28:39+00:00","mainEntityOfPage":{"@id":"https:\/\/chg.es\/fr\/resort-costa-blanca\/architectes-dinterieur-espagnols-que-vous-devriez-suivre-en-2024"},"wordCount":516,"publisher":{"@id":"https:\/\/chg.es\/en\/#organization"},"image":{"@id":"https:\/\/chg.es\/fr\/resort-costa-blanca\/architectes-dinterieur-espagnols-que-vous-devriez-suivre-en-2024#primaryimage"},"thumbnailUrl":"https:\/\/chg.es\/wp-content\/uploads\/2024\/04\/Diseno-sin-titulo-2024-04-10T111535.414.jpg","keywords":["architectes d'int\u00e9rieur","CHG"],"articleSection":["CHG"],"inLanguage":"fr-FR"},{"@type":"WebPage","@id":"https:\/\/chg.es\/fr\/resort-costa-blanca\/architectes-dinterieur-espagnols-que-vous-devriez-suivre-en-2024","url":"https:\/\/chg.es\/fr\/resort-costa-blanca\/architectes-dinterieur-espagnols-que-vous-devriez-suivre-en-2024","name":"Architectes d'int\u00e9rieur espagnols que vous devriez suivre en 2024","isPartOf":{"@id":"https:\/\/chg.es\/en\/#website"},"primaryImageOfPage":{"@id":"https:\/\/chg.es\/fr\/resort-costa-blanca\/architectes-dinterieur-espagnols-que-vous-devriez-suivre-en-2024#primaryimage"},"image":{"@id":"https:\/\/chg.es\/fr\/resort-costa-blanca\/architectes-dinterieur-espagnols-que-vous-devriez-suivre-en-2024#primaryimage"},"thumbnailUrl":"https:\/\/chg.es\/wp-content\/uploads\/2024\/04\/Diseno-sin-titulo-2024-04-10T111535.414.jpg","datePublished":"2024-04-12T11:28:39+00:00","dateModified":"2024-04-12T11:28:39+00:00","description":"Si vous \u00eates \u00e0 la recherche d'inspiration d\u00e9co, vous devez rencontrer ces architectes d'int\u00e9rieur espagnols qui vont r\u00e9volutionner 2024.","breadcrumb":{"@id":"https:\/\/chg.es\/fr\/resort-costa-blanca\/architectes-dinterieur-espagnols-que-vous-devriez-suivre-en-2024#breadcrumb"},"inLanguage":"fr-FR","potentialAction":[{"@type":"ReadAction","target":["https:\/\/chg.es\/fr\/resort-costa-blanca\/architectes-dinterieur-espagnols-que-vous-devriez-suivre-en-2024"]}]},{"@type":"ImageObject","inLanguage":"fr-FR","@id":"https:\/\/chg.es\/fr\/resort-costa-blanca\/architectes-dinterieur-espagnols-que-vous-devriez-suivre-en-2024#primaryimage","url":"https:\/\/chg.es\/wp-content\/uploads\/2024\/04\/Diseno-sin-titulo-2024-04-10T111535.414.jpg","contentUrl":"https:\/\/chg.es\/wp-content\/uploads\/2024\/04\/Diseno-sin-titulo-2024-04-10T111535.414.jpg","width":1200,"height":675,"caption":"xr:d:DAGCARSqTsE:2,j:5309042476771957098,t:24041009"},{"@type":"BreadcrumbList","@id":"https:\/\/chg.es\/fr\/resort-costa-blanca\/architectes-dinterieur-espagnols-que-vous-devriez-suivre-en-2024#breadcrumb","itemListElement":[{"@type":"ListItem","position":1,"name":"Home","item":"https:\/\/chg.es\/"},{"@type":"ListItem","position":2,"name":"CHG","item":"https:\/\/chg.es\/fr\/resort-costa-blanca\/category\/chg-fr"},{"@type":"ListItem","position":3,"name":"Architectes d&#8217;int\u00e9rieur espagnols que vous devriez suivre en 2024"}]},{"@type":"WebSite","@id":"https:\/\/chg.es\/en\/#website","url":"https:\/\/chg.es\/en\/","name":"CHG","description":"CHG","publisher":{"@id":"https:\/\/chg.es\/en\/#organization"},"potentialAction":[{"@type":"SearchAction","target":{"@type":"EntryPoint","urlTemplate":"https:\/\/chg.es\/en\/?s={search_term_string}"},"query-input":"required name=search_term_string"}],"inLanguage":"fr-FR"},{"@type":"Organization","@id":"https:\/\/chg.es\/en\/#organization","name":"CHG","url":"https:\/\/chg.es\/en\/","logo":{"@type":"ImageObject","inLanguage":"fr-FR","@id":"https:\/\/chg.es\/en\/#\/schema\/logo\/image\/","url":"https:\/\/chg.es\/wp-content\/uploads\/2022\/09\/logo-chg.svg","contentUrl":"https:\/\/chg.es\/wp-content\/uploads\/2022\/09\/logo-chg.svg","caption":"CHG"},"image":{"@id":"https:\/\/chg.es\/en\/#\/schema\/logo\/image\/"},"sameAs":["https:\/\/www.facebook.com\/chgconstrucciones\/","https:\/\/www.instagram.com\/chg.es\/","https:\/\/www.linkedin.com\/company\/construcciones-hispano-germanas\/about\/"]},{"@type":"Person","@id":"https:\/\/chg.es\/en\/#\/schema\/person\/df5352f31394c984c7428bfe7f95cd1d","name":"bearodriguezgimeno","image":{"@type":"ImageObject","inLanguage":"fr-FR","@id":"https:\/\/chg.es\/en\/#\/schema\/person\/image\/","url":"https:\/\/secure.gravatar.com\/avatar\/910dd3fe0d04301864994fc0ce938b2bf16d5138a6cc5c4d081d870be555e0b6?s=96&d=mm&r=g","contentUrl":"https:\/\/secure.gravatar.com\/avatar\/910dd3fe0d04301864994fc0ce938b2bf16d5138a6cc5c4d081d870be555e0b6?s=96&d=mm&r=g","caption":"bearodriguezgimeno"},"url":"https:\/\/chg.es\/fr\/resort-costa-blanca\/author\/bearodriguezgimeno"}]}},"_links":{"self":[{"href":"https:\/\/chg.es\/fr\/wp-json\/wp\/v2\/posts\/36696","targetHints":{"allow":["GET"]}}],"collection":[{"href":"https:\/\/chg.es\/fr\/wp-json\/wp\/v2\/posts"}],"about":[{"href":"https:\/\/chg.es\/fr\/wp-json\/wp\/v2\/types\/post"}],"author":[{"embeddable":true,"href":"https:\/\/chg.es\/fr\/wp-json\/wp\/v2\/users\/13"}],"replies":[{"embeddable":true,"href":"https:\/\/chg.es\/fr\/wp-json\/wp\/v2\/comments?post=36696"}],"version-history":[{"count":0,"href":"https:\/\/chg.es\/fr\/wp-json\/wp\/v2\/posts\/36696\/revisions"}],"wp:featuredmedia":[{"embeddable":true,"href":"https:\/\/chg.es\/fr\/wp-json\/wp\/v2\/media\/36607"}],"wp:attachment":[{"href":"https:\/\/chg.es\/fr\/wp-json\/wp\/v2\/media?parent=36696"}],"wp:term":[{"taxonomy":"category","embeddable":true,"href":"https:\/\/chg.es\/fr\/wp-json\/wp\/v2\/categories?post=36696"},{"taxonomy":"post_tag","embeddable":true,"href":"https:\/\/chg.es\/fr\/wp-json\/wp\/v2\/tags?post=36696"}],"curies":[{"name":"wp","href":"https:\/\/api.w.org\/{rel}","templated":true}]}}