{"id":38312,"date":"2024-10-14T12:57:39","date_gmt":"2024-10-14T10:57:39","guid":{"rendered":"https:\/\/chg.es\/resort-costa-blanca\/sevilla-viii-un-foyer-entre-le-terrain-de-golf-et-la-plage"},"modified":"2024-10-14T12:57:39","modified_gmt":"2024-10-14T10:57:39","slug":"sevilla-viii-un-foyer-entre-le-terrain-de-golf-et-la-plage","status":"publish","type":"post","link":"https:\/\/chg.es\/fr\/resort-costa-blanca\/sevilla-viii-un-foyer-entre-le-terrain-de-golf-et-la-plage","title":{"rendered":"Sevilla VIII, un foyer entre le terrain de golf et la plage."},"content":{"rendered":"<p>Imaginez vivre entre une plage de sable fin et un terrain de golf de 50 hectares ? C&rsquo;est possible gr\u00e2ce \u00e0 Sevilla VIII, un ensemble r\u00e9sidentiel exclusif compos\u00e9 de 16 appartements de 2 et 3 chambres, situ\u00e9s dans un emplacement id\u00e9al : entre la plage et le terrain de golf d&rsquo;Oliva Nova. Voici tout ce que vous devez savoir sur ce dernier paradis urbanistique lanc\u00e9 par CHG, prenez note !<\/p>\n<h3 style=\"text-align: center\"><strong>Distribution id\u00e9ale<\/strong><\/h3>\n<p>Sevilla VIII comprend un total de 16 appartements dont la disposition s&rsquo;adapte \u00e0 tous les go\u00fbts et besoins. R\u00e9partis sur 4 b\u00e2timents de deux \u00e9tages, l&rsquo;ensemble r\u00e9sidentiel dispose de 8 appartements au rez-de-chauss\u00e9e, chacun avec une terrasse ouverte et un jardin priv\u00e9. D&rsquo;autre part, les 8 appartements au premier \u00e9tage offrent \u00e9galement de vastes terrasses et des vues panoramiques.<\/p>\n<p><img fetchpriority=\"high\" decoding=\"async\" class=\"aligncenter wp-image-38100 size-large\" src=\"https:\/\/chg.es\/wp-content\/uploads\/2024\/10\/2950240-683x1024.jpeg\" alt=\"Distribuci\u00f3n\" width=\"683\" height=\"1024\" srcset=\"https:\/\/chg.es\/wp-content\/uploads\/2024\/10\/2950240-683x1024.jpeg 683w, https:\/\/chg.es\/wp-content\/uploads\/2024\/10\/2950240-200x300.jpeg 200w, https:\/\/chg.es\/wp-content\/uploads\/2024\/10\/2950240.jpeg 720w\" sizes=\"(max-width: 683px) 100vw, 683px\" \/><\/p>\n<h3 style=\"text-align: center\"><strong>Les installations dont vous avez besoin<\/strong><\/h3>\n<p>Le r\u00e9sidentiel Sevilla VIII dispose de toutes les installations que vous pourriez imaginer dans la maison de vos r\u00eaves. Pour commencer, cet ensemble r\u00e9sidentiel poss\u00e8de une piscine communautaire qui, en plus de pouvoir \u00eatre utilis\u00e9e pendant une grande partie de l&rsquo;ann\u00e9e gr\u00e2ce au climat m\u00e9diterran\u00e9en id\u00e9al, est entour\u00e9e d&rsquo;un vaste espace paysager. Quel est le r\u00e9sultat ? Un endroit parfait pour se d\u00e9tendre et profiter du soleil. De plus, chaque appartement dispose d&rsquo;une place de parking assign\u00e9e.<\/p>\n<p><img decoding=\"async\" class=\"aligncenter wp-image-38105 size-large\" src=\"https:\/\/chg.es\/wp-content\/uploads\/2024\/10\/2950238-1024x800.jpeg\" alt=\"Instalaciones\" width=\"1024\" height=\"800\" srcset=\"https:\/\/chg.es\/wp-content\/uploads\/2024\/10\/2950238-1024x800.jpeg 1024w, https:\/\/chg.es\/wp-content\/uploads\/2024\/10\/2950238-300x234.jpeg 300w, https:\/\/chg.es\/wp-content\/uploads\/2024\/10\/2950238-768x600.jpeg 768w, https:\/\/chg.es\/wp-content\/uploads\/2024\/10\/2950238.jpeg 1200w\" sizes=\"(max-width: 1024px) 100vw, 1024px\" \/><\/p>\n<h3 style=\"text-align: center\"><strong>L&#8217;emplacement parfait pour les amateurs de golf<\/strong><\/h3>\n<p>Comme nous l&rsquo;avons mentionn\u00e9 au d\u00e9but, l&rsquo;un des principaux attraits de Sevilla VIII est son emplacement pour une raison \u00e9vidente : il se trouve \u00e0 c\u00f4t\u00e9 du magnifique parcours de golf d&rsquo;Oliva Nova. Con\u00e7u par le l\u00e9gendaire joueur Severiano Ballesteros en 1995, Oliva Nova Golf s&rsquo;\u00e9tend sur 50 hectares et offre de larges fairways, des greens l\u00e9g\u00e8rement ondul\u00e9s et des obstacles d&rsquo;eau d\u00e9fiants qui exigent une strat\u00e9gie de jeu soign\u00e9e.<\/p>\n<h3 style=\"text-align: center\"><strong>Le luxe de vivre au bord de la mer<\/strong><\/h3>\n<p>Enfin, et non des moindres, Sevilla VIII vous permet de r\u00e9aliser ce qui est pour beaucoup un r\u00eave : poss\u00e9der une maison au bord de la mer. De plus, nous parlons d&rsquo;Oliva Nova, synonyme de M\u00e9diterran\u00e9e, de climat doux, de sable fin et blanc et surtout, de la tranquillit\u00e9 que nous recherchons tous dans une zone r\u00e9sidentielle.<\/p>\n<p><img decoding=\"async\" class=\"aligncenter wp-image-38110 size-large\" src=\"https:\/\/chg.es\/wp-content\/uploads\/2024\/10\/2950243-1024x731.jpeg\" alt=\"Cerca del mar\" width=\"1024\" height=\"731\" srcset=\"https:\/\/chg.es\/wp-content\/uploads\/2024\/10\/2950243-1024x731.jpeg 1024w, https:\/\/chg.es\/wp-content\/uploads\/2024\/10\/2950243-300x214.jpeg 300w, https:\/\/chg.es\/wp-content\/uploads\/2024\/10\/2950243-768x548.jpeg 768w, https:\/\/chg.es\/wp-content\/uploads\/2024\/10\/2950243.jpeg 1200w\" sizes=\"(max-width: 1024px) 100vw, 1024px\" \/><\/p>\n<p>Ne manquez pas tous les d\u00e9tails et conditions de Sevilla VIII, le complexe r\u00e9sidentiel que vous recherchiez.<\/p>\n","protected":false},"excerpt":{"rendered":"<p>Imaginez vivre entre une plage de sable fin et un terrain de golf de 50 hectares ? C&rsquo;est possible gr\u00e2ce \u00e0 Sevilla VIII, un ensemble r\u00e9sidentiel exclusif compos\u00e9 de 16 appartements de 2 et 3 chambres, situ\u00e9s dans un emplacement id\u00e9al : entre la plage et le terrain de golf d&rsquo;Oliva Nova. Voici tout ce&hellip;<\/p>\n","protected":false},"author":13,"featured_media":38097,"comment_status":"closed","ping_status":"open","sticky":false,"template":"","format":"standard","meta":{"footnotes":""},"categories":[121],"tags":[208,147],"class_list":["post-38312","post","type-post","status-publish","format-standard","has-post-thumbnail","hentry","category-chg-fr","tag-chg-fr","tag-oliva-nova-fr","category-121","description-off"],"yoast_head":"<!-- This site is optimized with the Yoast SEO plugin v22.4 - https:\/\/yoast.com\/wordpress\/plugins\/seo\/ -->\n<title>Sevilla VIII, un foyer entre le terrain de golf et la plage. - CHG<\/title>\n<meta name=\"description\" content=\"D\u00e9couvrez le prestigieux ensemble r\u00e9sidentiel situ\u00e9 entre notre terrain de golf et la plage d&#039;Oliva Nova : voici Sevilla VIII.\" \/>\n<meta name=\"robots\" content=\"index, follow, max-snippet:-1, max-image-preview:large, max-video-preview:-1\" \/>\n<link rel=\"canonical\" href=\"https:\/\/chg.es\/resort-costa-blanca\/vevilla-viii-un-hogar-entre-el-campo-de-glof-y-la-playa-chg\" \/>\n<meta property=\"og:locale\" content=\"fr_FR\" \/>\n<meta property=\"og:type\" content=\"article\" \/>\n<meta property=\"og:title\" content=\"Sevilla VIII, un foyer entre le terrain de golf et la plage. - CHG\" \/>\n<meta property=\"og:description\" content=\"D\u00e9couvrez le prestigieux ensemble r\u00e9sidentiel situ\u00e9 entre notre terrain de golf et la plage d&#039;Oliva Nova : voici Sevilla VIII.\" \/>\n<meta property=\"og:url\" content=\"https:\/\/chg.es\/resort-costa-blanca\/vevilla-viii-un-hogar-entre-el-campo-de-glof-y-la-playa-chg\" \/>\n<meta property=\"og:site_name\" content=\"CHG\" \/>\n<meta property=\"article:publisher\" content=\"https:\/\/www.facebook.com\/chgconstrucciones\/\" \/>\n<meta property=\"article:published_time\" content=\"2024-10-14T10:57:39+00:00\" \/>\n<meta property=\"og:image\" content=\"https:\/\/chg.es\/wp-content\/uploads\/2024\/10\/2950239.jpeg\" \/>\n\t<meta property=\"og:image:width\" content=\"1200\" \/>\n\t<meta property=\"og:image:height\" content=\"446\" \/>\n\t<meta property=\"og:image:type\" content=\"image\/jpeg\" \/>\n<meta name=\"author\" content=\"bearodriguezgimeno\" \/>\n<meta name=\"twitter:card\" content=\"summary_large_image\" \/>\n<meta name=\"twitter:label1\" content=\"\u00c9crit par\" \/>\n\t<meta name=\"twitter:data1\" content=\"bearodriguezgimeno\" \/>\n\t<meta name=\"twitter:label2\" content=\"Dur\u00e9e de lecture estim\u00e9e\" \/>\n\t<meta name=\"twitter:data2\" content=\"2 minutes\" \/>\n<script type=\"application\/ld+json\" class=\"yoast-schema-graph\">{\"@context\":\"https:\/\/schema.org\",\"@graph\":[{\"@type\":\"Article\",\"@id\":\"https:\/\/chg.es\/resort-costa-blanca\/vevilla-viii-un-hogar-entre-el-campo-de-glof-y-la-playa-chg#article\",\"isPartOf\":{\"@id\":\"https:\/\/chg.es\/resort-costa-blanca\/vevilla-viii-un-hogar-entre-el-campo-de-glof-y-la-playa-chg\"},\"author\":{\"name\":\"bearodriguezgimeno\",\"@id\":\"https:\/\/chg.es\/en\/#\/schema\/person\/df5352f31394c984c7428bfe7f95cd1d\"},\"headline\":\"Sevilla VIII, un foyer entre le terrain de golf et la plage.\",\"datePublished\":\"2024-10-14T10:57:39+00:00\",\"dateModified\":\"2024-10-14T10:57:39+00:00\",\"mainEntityOfPage\":{\"@id\":\"https:\/\/chg.es\/resort-costa-blanca\/vevilla-viii-un-hogar-entre-el-campo-de-glof-y-la-playa-chg\"},\"wordCount\":424,\"publisher\":{\"@id\":\"https:\/\/chg.es\/en\/#organization\"},\"image\":{\"@id\":\"https:\/\/chg.es\/resort-costa-blanca\/vevilla-viii-un-hogar-entre-el-campo-de-glof-y-la-playa-chg#primaryimage\"},\"thumbnailUrl\":\"https:\/\/chg.es\/wp-content\/uploads\/2024\/10\/2950239.jpeg\",\"keywords\":[\"CHG\",\"Oliva Nova\"],\"articleSection\":[\"CHG\"],\"inLanguage\":\"fr-FR\"},{\"@type\":\"WebPage\",\"@id\":\"https:\/\/chg.es\/resort-costa-blanca\/vevilla-viii-un-hogar-entre-el-campo-de-glof-y-la-playa-chg\",\"url\":\"https:\/\/chg.es\/resort-costa-blanca\/vevilla-viii-un-hogar-entre-el-campo-de-glof-y-la-playa-chg\",\"name\":\"Sevilla VIII, un foyer entre le terrain de golf et la plage. - CHG\",\"isPartOf\":{\"@id\":\"https:\/\/chg.es\/en\/#website\"},\"primaryImageOfPage\":{\"@id\":\"https:\/\/chg.es\/resort-costa-blanca\/vevilla-viii-un-hogar-entre-el-campo-de-glof-y-la-playa-chg#primaryimage\"},\"image\":{\"@id\":\"https:\/\/chg.es\/resort-costa-blanca\/vevilla-viii-un-hogar-entre-el-campo-de-glof-y-la-playa-chg#primaryimage\"},\"thumbnailUrl\":\"https:\/\/chg.es\/wp-content\/uploads\/2024\/10\/2950239.jpeg\",\"datePublished\":\"2024-10-14T10:57:39+00:00\",\"dateModified\":\"2024-10-14T10:57:39+00:00\",\"description\":\"D\u00e9couvrez le prestigieux ensemble r\u00e9sidentiel situ\u00e9 entre notre terrain de golf et la plage d'Oliva Nova : voici Sevilla VIII.\",\"breadcrumb\":{\"@id\":\"https:\/\/chg.es\/resort-costa-blanca\/vevilla-viii-un-hogar-entre-el-campo-de-glof-y-la-playa-chg#breadcrumb\"},\"inLanguage\":\"fr-FR\",\"potentialAction\":[{\"@type\":\"ReadAction\",\"target\":[\"https:\/\/chg.es\/resort-costa-blanca\/vevilla-viii-un-hogar-entre-el-campo-de-glof-y-la-playa-chg\"]}]},{\"@type\":\"ImageObject\",\"inLanguage\":\"fr-FR\",\"@id\":\"https:\/\/chg.es\/resort-costa-blanca\/vevilla-viii-un-hogar-entre-el-campo-de-glof-y-la-playa-chg#primaryimage\",\"url\":\"https:\/\/chg.es\/wp-content\/uploads\/2024\/10\/2950239.jpeg\",\"contentUrl\":\"https:\/\/chg.es\/wp-content\/uploads\/2024\/10\/2950239.jpeg\",\"width\":1200,\"height\":446,\"caption\":\"Sevilla VIII\"},{\"@type\":\"BreadcrumbList\",\"@id\":\"https:\/\/chg.es\/resort-costa-blanca\/vevilla-viii-un-hogar-entre-el-campo-de-glof-y-la-playa-chg#breadcrumb\",\"itemListElement\":[{\"@type\":\"ListItem\",\"position\":1,\"name\":\"Home\",\"item\":\"https:\/\/chg.es\/\"},{\"@type\":\"ListItem\",\"position\":2,\"name\":\"Non classifi\u00e9(e)\",\"item\":\"https:\/\/chg.es\/fr\/resort-costa-blanca\/category\/non-classifiee\"},{\"@type\":\"ListItem\",\"position\":3,\"name\":\"Sevilla VIII, un foyer entre le terrain de golf et la plage.\"}]},{\"@type\":\"WebSite\",\"@id\":\"https:\/\/chg.es\/en\/#website\",\"url\":\"https:\/\/chg.es\/en\/\",\"name\":\"CHG\",\"description\":\"CHG\",\"publisher\":{\"@id\":\"https:\/\/chg.es\/en\/#organization\"},\"potentialAction\":[{\"@type\":\"SearchAction\",\"target\":{\"@type\":\"EntryPoint\",\"urlTemplate\":\"https:\/\/chg.es\/en\/?s={search_term_string}\"},\"query-input\":\"required name=search_term_string\"}],\"inLanguage\":\"fr-FR\"},{\"@type\":\"Organization\",\"@id\":\"https:\/\/chg.es\/en\/#organization\",\"name\":\"CHG\",\"url\":\"https:\/\/chg.es\/en\/\",\"logo\":{\"@type\":\"ImageObject\",\"inLanguage\":\"fr-FR\",\"@id\":\"https:\/\/chg.es\/en\/#\/schema\/logo\/image\/\",\"url\":\"https:\/\/chg.es\/wp-content\/uploads\/2022\/09\/logo-chg.svg\",\"contentUrl\":\"https:\/\/chg.es\/wp-content\/uploads\/2022\/09\/logo-chg.svg\",\"caption\":\"CHG\"},\"image\":{\"@id\":\"https:\/\/chg.es\/en\/#\/schema\/logo\/image\/\"},\"sameAs\":[\"https:\/\/www.facebook.com\/chgconstrucciones\/\",\"https:\/\/www.instagram.com\/chg.es\/\",\"https:\/\/www.linkedin.com\/company\/construcciones-hispano-germanas\/about\/\"]},{\"@type\":\"Person\",\"@id\":\"https:\/\/chg.es\/en\/#\/schema\/person\/df5352f31394c984c7428bfe7f95cd1d\",\"name\":\"bearodriguezgimeno\",\"image\":{\"@type\":\"ImageObject\",\"inLanguage\":\"fr-FR\",\"@id\":\"https:\/\/chg.es\/en\/#\/schema\/person\/image\/\",\"url\":\"https:\/\/secure.gravatar.com\/avatar\/910dd3fe0d04301864994fc0ce938b2bf16d5138a6cc5c4d081d870be555e0b6?s=96&d=mm&r=g\",\"contentUrl\":\"https:\/\/secure.gravatar.com\/avatar\/910dd3fe0d04301864994fc0ce938b2bf16d5138a6cc5c4d081d870be555e0b6?s=96&d=mm&r=g\",\"caption\":\"bearodriguezgimeno\"},\"url\":\"https:\/\/chg.es\/fr\/resort-costa-blanca\/author\/bearodriguezgimeno\"}]}<\/script>\n<!-- \/ Yoast SEO plugin. -->","yoast_head_json":{"title":"Sevilla VIII, un foyer entre le terrain de golf et la plage. - CHG","description":"D\u00e9couvrez le prestigieux ensemble r\u00e9sidentiel situ\u00e9 entre notre terrain de golf et la plage d'Oliva Nova : voici Sevilla VIII.","robots":{"index":"index","follow":"follow","max-snippet":"max-snippet:-1","max-image-preview":"max-image-preview:large","max-video-preview":"max-video-preview:-1"},"canonical":"https:\/\/chg.es\/resort-costa-blanca\/vevilla-viii-un-hogar-entre-el-campo-de-glof-y-la-playa-chg","og_locale":"fr_FR","og_type":"article","og_title":"Sevilla VIII, un foyer entre le terrain de golf et la plage. - CHG","og_description":"D\u00e9couvrez le prestigieux ensemble r\u00e9sidentiel situ\u00e9 entre notre terrain de golf et la plage d'Oliva Nova : voici Sevilla VIII.","og_url":"https:\/\/chg.es\/resort-costa-blanca\/vevilla-viii-un-hogar-entre-el-campo-de-glof-y-la-playa-chg","og_site_name":"CHG","article_publisher":"https:\/\/www.facebook.com\/chgconstrucciones\/","article_published_time":"2024-10-14T10:57:39+00:00","og_image":[{"width":1200,"height":446,"url":"https:\/\/chg.es\/wp-content\/uploads\/2024\/10\/2950239.jpeg","type":"image\/jpeg"}],"author":"bearodriguezgimeno","twitter_card":"summary_large_image","twitter_misc":{"\u00c9crit par":"bearodriguezgimeno","Dur\u00e9e de lecture estim\u00e9e":"2 minutes"},"schema":{"@context":"https:\/\/schema.org","@graph":[{"@type":"Article","@id":"https:\/\/chg.es\/resort-costa-blanca\/vevilla-viii-un-hogar-entre-el-campo-de-glof-y-la-playa-chg#article","isPartOf":{"@id":"https:\/\/chg.es\/resort-costa-blanca\/vevilla-viii-un-hogar-entre-el-campo-de-glof-y-la-playa-chg"},"author":{"name":"bearodriguezgimeno","@id":"https:\/\/chg.es\/en\/#\/schema\/person\/df5352f31394c984c7428bfe7f95cd1d"},"headline":"Sevilla VIII, un foyer entre le terrain de golf et la plage.","datePublished":"2024-10-14T10:57:39+00:00","dateModified":"2024-10-14T10:57:39+00:00","mainEntityOfPage":{"@id":"https:\/\/chg.es\/resort-costa-blanca\/vevilla-viii-un-hogar-entre-el-campo-de-glof-y-la-playa-chg"},"wordCount":424,"publisher":{"@id":"https:\/\/chg.es\/en\/#organization"},"image":{"@id":"https:\/\/chg.es\/resort-costa-blanca\/vevilla-viii-un-hogar-entre-el-campo-de-glof-y-la-playa-chg#primaryimage"},"thumbnailUrl":"https:\/\/chg.es\/wp-content\/uploads\/2024\/10\/2950239.jpeg","keywords":["CHG","Oliva Nova"],"articleSection":["CHG"],"inLanguage":"fr-FR"},{"@type":"WebPage","@id":"https:\/\/chg.es\/resort-costa-blanca\/vevilla-viii-un-hogar-entre-el-campo-de-glof-y-la-playa-chg","url":"https:\/\/chg.es\/resort-costa-blanca\/vevilla-viii-un-hogar-entre-el-campo-de-glof-y-la-playa-chg","name":"Sevilla VIII, un foyer entre le terrain de golf et la plage. - CHG","isPartOf":{"@id":"https:\/\/chg.es\/en\/#website"},"primaryImageOfPage":{"@id":"https:\/\/chg.es\/resort-costa-blanca\/vevilla-viii-un-hogar-entre-el-campo-de-glof-y-la-playa-chg#primaryimage"},"image":{"@id":"https:\/\/chg.es\/resort-costa-blanca\/vevilla-viii-un-hogar-entre-el-campo-de-glof-y-la-playa-chg#primaryimage"},"thumbnailUrl":"https:\/\/chg.es\/wp-content\/uploads\/2024\/10\/2950239.jpeg","datePublished":"2024-10-14T10:57:39+00:00","dateModified":"2024-10-14T10:57:39+00:00","description":"D\u00e9couvrez le prestigieux ensemble r\u00e9sidentiel situ\u00e9 entre notre terrain de golf et la plage d'Oliva Nova : voici Sevilla VIII.","breadcrumb":{"@id":"https:\/\/chg.es\/resort-costa-blanca\/vevilla-viii-un-hogar-entre-el-campo-de-glof-y-la-playa-chg#breadcrumb"},"inLanguage":"fr-FR","potentialAction":[{"@type":"ReadAction","target":["https:\/\/chg.es\/resort-costa-blanca\/vevilla-viii-un-hogar-entre-el-campo-de-glof-y-la-playa-chg"]}]},{"@type":"ImageObject","inLanguage":"fr-FR","@id":"https:\/\/chg.es\/resort-costa-blanca\/vevilla-viii-un-hogar-entre-el-campo-de-glof-y-la-playa-chg#primaryimage","url":"https:\/\/chg.es\/wp-content\/uploads\/2024\/10\/2950239.jpeg","contentUrl":"https:\/\/chg.es\/wp-content\/uploads\/2024\/10\/2950239.jpeg","width":1200,"height":446,"caption":"Sevilla VIII"},{"@type":"BreadcrumbList","@id":"https:\/\/chg.es\/resort-costa-blanca\/vevilla-viii-un-hogar-entre-el-campo-de-glof-y-la-playa-chg#breadcrumb","itemListElement":[{"@type":"ListItem","position":1,"name":"Home","item":"https:\/\/chg.es\/"},{"@type":"ListItem","position":2,"name":"Non classifi\u00e9(e)","item":"https:\/\/chg.es\/fr\/resort-costa-blanca\/category\/non-classifiee"},{"@type":"ListItem","position":3,"name":"Sevilla VIII, un foyer entre le terrain de golf et la plage."}]},{"@type":"WebSite","@id":"https:\/\/chg.es\/en\/#website","url":"https:\/\/chg.es\/en\/","name":"CHG","description":"CHG","publisher":{"@id":"https:\/\/chg.es\/en\/#organization"},"potentialAction":[{"@type":"SearchAction","target":{"@type":"EntryPoint","urlTemplate":"https:\/\/chg.es\/en\/?s={search_term_string}"},"query-input":"required name=search_term_string"}],"inLanguage":"fr-FR"},{"@type":"Organization","@id":"https:\/\/chg.es\/en\/#organization","name":"CHG","url":"https:\/\/chg.es\/en\/","logo":{"@type":"ImageObject","inLanguage":"fr-FR","@id":"https:\/\/chg.es\/en\/#\/schema\/logo\/image\/","url":"https:\/\/chg.es\/wp-content\/uploads\/2022\/09\/logo-chg.svg","contentUrl":"https:\/\/chg.es\/wp-content\/uploads\/2022\/09\/logo-chg.svg","caption":"CHG"},"image":{"@id":"https:\/\/chg.es\/en\/#\/schema\/logo\/image\/"},"sameAs":["https:\/\/www.facebook.com\/chgconstrucciones\/","https:\/\/www.instagram.com\/chg.es\/","https:\/\/www.linkedin.com\/company\/construcciones-hispano-germanas\/about\/"]},{"@type":"Person","@id":"https:\/\/chg.es\/en\/#\/schema\/person\/df5352f31394c984c7428bfe7f95cd1d","name":"bearodriguezgimeno","image":{"@type":"ImageObject","inLanguage":"fr-FR","@id":"https:\/\/chg.es\/en\/#\/schema\/person\/image\/","url":"https:\/\/secure.gravatar.com\/avatar\/910dd3fe0d04301864994fc0ce938b2bf16d5138a6cc5c4d081d870be555e0b6?s=96&d=mm&r=g","contentUrl":"https:\/\/secure.gravatar.com\/avatar\/910dd3fe0d04301864994fc0ce938b2bf16d5138a6cc5c4d081d870be555e0b6?s=96&d=mm&r=g","caption":"bearodriguezgimeno"},"url":"https:\/\/chg.es\/fr\/resort-costa-blanca\/author\/bearodriguezgimeno"}]}},"_links":{"self":[{"href":"https:\/\/chg.es\/fr\/wp-json\/wp\/v2\/posts\/38312","targetHints":{"allow":["GET"]}}],"collection":[{"href":"https:\/\/chg.es\/fr\/wp-json\/wp\/v2\/posts"}],"about":[{"href":"https:\/\/chg.es\/fr\/wp-json\/wp\/v2\/types\/post"}],"author":[{"embeddable":true,"href":"https:\/\/chg.es\/fr\/wp-json\/wp\/v2\/users\/13"}],"replies":[{"embeddable":true,"href":"https:\/\/chg.es\/fr\/wp-json\/wp\/v2\/comments?post=38312"}],"version-history":[{"count":0,"href":"https:\/\/chg.es\/fr\/wp-json\/wp\/v2\/posts\/38312\/revisions"}],"wp:featuredmedia":[{"embeddable":true,"href":"https:\/\/chg.es\/fr\/wp-json\/wp\/v2\/media\/38097"}],"wp:attachment":[{"href":"https:\/\/chg.es\/fr\/wp-json\/wp\/v2\/media?parent=38312"}],"wp:term":[{"taxonomy":"category","embeddable":true,"href":"https:\/\/chg.es\/fr\/wp-json\/wp\/v2\/categories?post=38312"},{"taxonomy":"post_tag","embeddable":true,"href":"https:\/\/chg.es\/fr\/wp-json\/wp\/v2\/tags?post=38312"}],"curies":[{"name":"wp","href":"https:\/\/api.w.org\/{rel}","templated":true}]}}