{"id":38367,"date":"2024-11-06T11:15:02","date_gmt":"2024-11-06T09:15:02","guid":{"rendered":"https:\/\/chg.es\/resort-costa-blanca\/solidarite-avec-valence-apres-la-dana-comment-vous-pouvez-contribuer"},"modified":"2024-11-06T11:15:02","modified_gmt":"2024-11-06T09:15:02","slug":"solidarite-avec-valence-apres-la-dana-comment-vous-pouvez-contribuer","status":"publish","type":"post","link":"https:\/\/chg.es\/fr\/resort-costa-blanca\/solidarite-avec-valence-apres-la-dana-comment-vous-pouvez-contribuer","title":{"rendered":"Solidarit\u00e9 avec Valence apr\u00e8s la DANA : Comment vous pouvez contribuer"},"content":{"rendered":"<p>Chez CHG, nous tenons \u00e0 exprimer notre soutien sinc\u00e8re \u00e0 toutes les personnes affect\u00e9es par la r\u00e9cente DANA qui a durement frapp\u00e9 la Communaut\u00e9 valencienne. Nous nous solidarisons avec les individus et les familles qui traversent des moments difficiles et r\u00e9affirmons notre engagement \u00e0 les soutenir en ces temps de d\u00e9fi.<\/p>\n<h2 style=\"text-align: center\"><strong>Comment pouvons-nous aider la Communaut\u00e9 valencienne apr\u00e8s la DANA ?<\/strong><\/h2>\n<p>Nous avons mis nos installations \u00e0 disposition pour recevoir et soutenir les \u00e9quipes et b\u00e9n\u00e9voles qui consacrent leurs efforts \u00e0 la r\u00e9cup\u00e9ration. Cette semaine, nous accueillerons pr\u00e8s de 800 professionnels qui travaillent pour apporter de l\u2019aide \u00e0 ceux qui ont subi des pertes. Nous avons \u00e9galement organis\u00e9 une collecte de produits de premi\u00e8re n\u00e9cessit\u00e9, tels que des aliments non p\u00e9rissables, des manteaux, des couvertures, des produits d\u2019hygi\u00e8ne et de l&rsquo;eau embouteill\u00e9e, afin de fournir des fournitures essentielles aux personnes affect\u00e9es.<\/p>\n<p>Nous savons que chaque action compte et qu&rsquo;unis, nous pouvons apporter un changement positif en cette p\u00e9riode de besoin. Il existe plusieurs fa\u00e7ons pour chacun de contribuer et de se joindre \u00e0 cette cause solidaire :<\/p>\n<p><img fetchpriority=\"high\" decoding=\"async\" class=\"aligncenter wp-image-38354 size-full\" src=\"https:\/\/chg.es\/wp-content\/uploads\/2024\/11\/oliva-nova-dana-valencia-1.jpg\" alt=\"Solidaridad con Valencia tras la DANA\" width=\"1640\" height=\"924\" srcset=\"https:\/\/chg.es\/wp-content\/uploads\/2024\/11\/oliva-nova-dana-valencia-1.jpg 1640w, https:\/\/chg.es\/wp-content\/uploads\/2024\/11\/oliva-nova-dana-valencia-1-300x169.jpg 300w, https:\/\/chg.es\/wp-content\/uploads\/2024\/11\/oliva-nova-dana-valencia-1-1024x577.jpg 1024w, https:\/\/chg.es\/wp-content\/uploads\/2024\/11\/oliva-nova-dana-valencia-1-768x433.jpg 768w, https:\/\/chg.es\/wp-content\/uploads\/2024\/11\/oliva-nova-dana-valencia-1-1536x865.jpg 1536w\" sizes=\"(max-width: 1640px) 100vw, 1640px\" \/><\/p>\n<p><strong>B\u00e9n\u00e9volat dans les zones touch\u00e9es<\/strong><\/p>\n<p>La Generalitat Valenciana a lanc\u00e9 une initiative de b\u00e9n\u00e9volat pour coordonner l\u2019aide dans les zones les plus touch\u00e9es. Les t\u00e2ches comprennent le nettoyage des espaces publics, les r\u00e9parations de logements et la distribution de fournitures essentielles. Vous pouvez vous inscrire pour devenir b\u00e9n\u00e9vole via la page officielle de la Generalitat.<\/p>\n<p><strong>Donations de produits de premi\u00e8re n\u00e9cessit\u00e9<\/strong><\/p>\n<p>Pour ceux qui souhaitent apporter des aliments non p\u00e9rissables, des v\u00eatements, des couvertures et des articles d\u2019hygi\u00e8ne, de nombreux points de collecte sont disponibles \u00e0 Valence et dans les environs. Ces points incluent le Pavillon El Quint \u00e0 Mislata, le Centre de sant\u00e9 de D\u00e9nia et plusieurs centres de la Croix-Rouge.<\/p>\n<p><strong>Soutien en temps r\u00e9el avec des cartes interactives<\/strong><\/p>\n<p>Les plateformes \u2018Ayuda Terreta\u2019 ou &lsquo;Ajudadana&rsquo; permettent aux personnes affect\u00e9es de signaler leurs besoins sp\u00e9cifiques sur une carte interactive. Cela facilite la mise en relation entre b\u00e9n\u00e9voles et personnes n\u00e9cessitant de l\u2019aide, permettant une r\u00e9ponse rapide et efficace dans les zones les plus urgentes.<\/p>\n<p><strong>Donations mon\u00e9taires<\/strong><\/p>\n<p>Pour ceux qui souhaitent contribuer financi\u00e8rement, des organisations telles que la Generalitat Valenciana, C\u00e1ritas et la Croix-Rouge ont mis en place des comptes bancaires et des plateformes de paiement, comme Bizum, pour recevoir des dons. Ces fonds seront utilis\u00e9s pour couvrir les frais de fournitures, de reconstruction et de soutien psychologique.<\/p>\n<p><strong>Don de sang et soutien sanitaire<\/strong><\/p>\n<p>La demande de donneurs de sang a augment\u00e9 pour venir en aide aux personnes en situation critique. Cette semaine, des points de collecte ont \u00e9t\u00e9 \u00e9tablis \u00e0 l&rsquo;Ateneo Mercantil de Valence, \u00e0 l&rsquo;H\u00f4pital La Fe, et dans d&rsquo;autres centres de la Communaut\u00e9 Valencienne.<\/p>\n<p><strong>Soutien aux enfants et aux familles<\/strong><\/p>\n<p>Des activit\u00e9s pour enfants ont \u00e9t\u00e9 organis\u00e9es dans des centres sp\u00e9ciaux afin que les parents puissent se concentrer sur les t\u00e2ches de nettoyage et de reconstruction pendant que leurs enfants sont dans un environnement s\u00fbr et supervis\u00e9 par des animateurs.<\/p>\n<p><strong>Aide aux refuges d&rsquo;animaux<\/strong><\/p>\n<p>Tout comme les personnes, de nombreux refuges pour animaux ont \u00e9galement \u00e9t\u00e9 affect\u00e9s. PACMA et des organisations comme Tiendanimal ont mis en place des points de collecte pour des aliments et des m\u00e9dicaments pour animaux. D&rsquo;autres entit\u00e9s comme Kiwoko et Bioparc ont \u00e9galement rejoint cette cause.<\/p>\n<p><strong>Soutien psychologique et conseils juridiques gratuits<\/strong><\/p>\n<p>Diff\u00e9rentes associations ont mis \u00e0 disposition des services de soutien psychologique pour aider \u00e0 surmonter l&rsquo;impact \u00e9motionnel d&rsquo;une telle trag\u00e9die. De plus, certains cabinets d&rsquo;avocats offrent des conseils juridiques gratuits sur les d\u00e9marches d&rsquo;assurances et d&rsquo;autres questions juridiques pour les personnes affect\u00e9es.<\/p>\n<hr \/>\n<p>Nous remercions profond\u00e9ment tous ceux qui se sont joints \u00e0 nous et ont montr\u00e9 leur solidarit\u00e9. En ces moments difficiles, la force de la communaut\u00e9 est cruciale. \u00c0 ceux qui ont perdu des proches et \u00e0 leurs familles, nous adressons un message d\u2019espoir, de force et d\u2019unit\u00e9 pour surmonter ensemble ces temps difficiles.<\/p>\n","protected":false},"excerpt":{"rendered":"<p>Chez CHG, nous tenons \u00e0 exprimer notre soutien sinc\u00e8re \u00e0 toutes les personnes affect\u00e9es par la r\u00e9cente DANA qui a durement frapp\u00e9 la Communaut\u00e9 valencienne. Nous nous solidarisons avec les individus et les familles qui traversent des moments difficiles et r\u00e9affirmons notre engagement \u00e0 les soutenir en ces temps de d\u00e9fi. Comment pouvons-nous aider la&hellip;<\/p>\n","protected":false},"author":22,"featured_media":38356,"comment_status":"closed","ping_status":"open","sticky":false,"template":"","format":"standard","meta":{"footnotes":""},"categories":[118],"tags":[],"class_list":["post-38367","post","type-post","status-publish","format-standard","has-post-thumbnail","hentry","category-oliva-nova-fr","category-118","description-off"],"yoast_head":"<!-- This site is optimized with the Yoast SEO plugin v22.4 - https:\/\/yoast.com\/wordpress\/plugins\/seo\/ -->\n<title>Solidarit\u00e9 avec Valence apr\u00e8s la DANA : Comment vous pouvez contribuer - CHG<\/title>\n<meta name=\"description\" content=\"Chez CHG, nous tenons \u00e0 exprimer notre soutien \u00e0 toutes les personnes touch\u00e9es par la r\u00e9cente DANA qui a affect\u00e9 la Communaut\u00e9 valencienne.\" \/>\n<meta name=\"robots\" content=\"index, follow, max-snippet:-1, max-image-preview:large, max-video-preview:-1\" \/>\n<link rel=\"canonical\" href=\"https:\/\/chg.es\/resort-costa-blanca\/solidaridad-con-valencia-tras-la-dana-como-puedes-contribuir-chg\" \/>\n<meta property=\"og:locale\" content=\"fr_FR\" \/>\n<meta property=\"og:type\" content=\"article\" \/>\n<meta property=\"og:title\" content=\"Solidarit\u00e9 avec Valence apr\u00e8s la DANA : Comment vous pouvez contribuer - CHG\" \/>\n<meta property=\"og:description\" content=\"Chez CHG, nous tenons \u00e0 exprimer notre soutien \u00e0 toutes les personnes touch\u00e9es par la r\u00e9cente DANA qui a affect\u00e9 la Communaut\u00e9 valencienne.\" \/>\n<meta property=\"og:url\" content=\"https:\/\/chg.es\/resort-costa-blanca\/solidaridad-con-valencia-tras-la-dana-como-puedes-contribuir-chg\" \/>\n<meta property=\"og:site_name\" content=\"CHG\" \/>\n<meta property=\"article:publisher\" content=\"https:\/\/www.facebook.com\/chgconstrucciones\/\" \/>\n<meta property=\"article:published_time\" content=\"2024-11-06T09:15:02+00:00\" \/>\n<meta property=\"og:image\" content=\"https:\/\/chg.es\/wp-content\/uploads\/2024\/11\/oliva-nova-dana-valencia-1.jpg\" \/>\n\t<meta property=\"og:image:width\" content=\"1640\" \/>\n\t<meta property=\"og:image:height\" content=\"924\" \/>\n\t<meta property=\"og:image:type\" content=\"image\/jpeg\" \/>\n<meta name=\"author\" content=\"apoveda\" \/>\n<meta name=\"twitter:card\" content=\"summary_large_image\" \/>\n<meta name=\"twitter:label1\" content=\"\u00c9crit par\" \/>\n\t<meta name=\"twitter:data1\" content=\"apoveda\" \/>\n\t<meta name=\"twitter:label2\" content=\"Dur\u00e9e de lecture estim\u00e9e\" \/>\n\t<meta name=\"twitter:data2\" content=\"3 minutes\" \/>\n<script type=\"application\/ld+json\" class=\"yoast-schema-graph\">{\"@context\":\"https:\/\/schema.org\",\"@graph\":[{\"@type\":\"Article\",\"@id\":\"https:\/\/chg.es\/resort-costa-blanca\/solidaridad-con-valencia-tras-la-dana-como-puedes-contribuir-chg#article\",\"isPartOf\":{\"@id\":\"https:\/\/chg.es\/resort-costa-blanca\/solidaridad-con-valencia-tras-la-dana-como-puedes-contribuir-chg\"},\"author\":{\"name\":\"apoveda\",\"@id\":\"https:\/\/chg.es\/en\/#\/schema\/person\/e1a4afa22924f7e7f547bf39d48fad7b\"},\"headline\":\"Solidarit\u00e9 avec Valence apr\u00e8s la DANA : Comment vous pouvez contribuer\",\"datePublished\":\"2024-11-06T09:15:02+00:00\",\"dateModified\":\"2024-11-06T09:15:02+00:00\",\"mainEntityOfPage\":{\"@id\":\"https:\/\/chg.es\/resort-costa-blanca\/solidaridad-con-valencia-tras-la-dana-como-puedes-contribuir-chg\"},\"wordCount\":711,\"publisher\":{\"@id\":\"https:\/\/chg.es\/en\/#organization\"},\"image\":{\"@id\":\"https:\/\/chg.es\/resort-costa-blanca\/solidaridad-con-valencia-tras-la-dana-como-puedes-contribuir-chg#primaryimage\"},\"thumbnailUrl\":\"https:\/\/chg.es\/wp-content\/uploads\/2024\/11\/oliva-nova-dana-valencia-1.jpg\",\"articleSection\":[\"Oliva Nova\"],\"inLanguage\":\"fr-FR\"},{\"@type\":\"WebPage\",\"@id\":\"https:\/\/chg.es\/resort-costa-blanca\/solidaridad-con-valencia-tras-la-dana-como-puedes-contribuir-chg\",\"url\":\"https:\/\/chg.es\/resort-costa-blanca\/solidaridad-con-valencia-tras-la-dana-como-puedes-contribuir-chg\",\"name\":\"Solidarit\u00e9 avec Valence apr\u00e8s la DANA : Comment vous pouvez contribuer - CHG\",\"isPartOf\":{\"@id\":\"https:\/\/chg.es\/en\/#website\"},\"primaryImageOfPage\":{\"@id\":\"https:\/\/chg.es\/resort-costa-blanca\/solidaridad-con-valencia-tras-la-dana-como-puedes-contribuir-chg#primaryimage\"},\"image\":{\"@id\":\"https:\/\/chg.es\/resort-costa-blanca\/solidaridad-con-valencia-tras-la-dana-como-puedes-contribuir-chg#primaryimage\"},\"thumbnailUrl\":\"https:\/\/chg.es\/wp-content\/uploads\/2024\/11\/oliva-nova-dana-valencia-1.jpg\",\"datePublished\":\"2024-11-06T09:15:02+00:00\",\"dateModified\":\"2024-11-06T09:15:02+00:00\",\"description\":\"Chez CHG, nous tenons \u00e0 exprimer notre soutien \u00e0 toutes les personnes touch\u00e9es par la r\u00e9cente DANA qui a affect\u00e9 la Communaut\u00e9 valencienne.\",\"breadcrumb\":{\"@id\":\"https:\/\/chg.es\/resort-costa-blanca\/solidaridad-con-valencia-tras-la-dana-como-puedes-contribuir-chg#breadcrumb\"},\"inLanguage\":\"fr-FR\",\"potentialAction\":[{\"@type\":\"ReadAction\",\"target\":[\"https:\/\/chg.es\/resort-costa-blanca\/solidaridad-con-valencia-tras-la-dana-como-puedes-contribuir-chg\"]}]},{\"@type\":\"ImageObject\",\"inLanguage\":\"fr-FR\",\"@id\":\"https:\/\/chg.es\/resort-costa-blanca\/solidaridad-con-valencia-tras-la-dana-como-puedes-contribuir-chg#primaryimage\",\"url\":\"https:\/\/chg.es\/wp-content\/uploads\/2024\/11\/oliva-nova-dana-valencia-1.jpg\",\"contentUrl\":\"https:\/\/chg.es\/wp-content\/uploads\/2024\/11\/oliva-nova-dana-valencia-1.jpg\",\"width\":1640,\"height\":924,\"caption\":\"Solidaridad con Valencia tras la DANA\"},{\"@type\":\"BreadcrumbList\",\"@id\":\"https:\/\/chg.es\/resort-costa-blanca\/solidaridad-con-valencia-tras-la-dana-como-puedes-contribuir-chg#breadcrumb\",\"itemListElement\":[{\"@type\":\"ListItem\",\"position\":1,\"name\":\"Home\",\"item\":\"https:\/\/chg.es\/\"},{\"@type\":\"ListItem\",\"position\":2,\"name\":\"Non classifi\u00e9(e)\",\"item\":\"https:\/\/chg.es\/fr\/resort-costa-blanca\/category\/non-classifiee\"},{\"@type\":\"ListItem\",\"position\":3,\"name\":\"Solidarit\u00e9 avec Valence apr\u00e8s la DANA : Comment vous pouvez contribuer\"}]},{\"@type\":\"WebSite\",\"@id\":\"https:\/\/chg.es\/en\/#website\",\"url\":\"https:\/\/chg.es\/en\/\",\"name\":\"CHG\",\"description\":\"CHG\",\"publisher\":{\"@id\":\"https:\/\/chg.es\/en\/#organization\"},\"potentialAction\":[{\"@type\":\"SearchAction\",\"target\":{\"@type\":\"EntryPoint\",\"urlTemplate\":\"https:\/\/chg.es\/en\/?s={search_term_string}\"},\"query-input\":\"required name=search_term_string\"}],\"inLanguage\":\"fr-FR\"},{\"@type\":\"Organization\",\"@id\":\"https:\/\/chg.es\/en\/#organization\",\"name\":\"CHG\",\"url\":\"https:\/\/chg.es\/en\/\",\"logo\":{\"@type\":\"ImageObject\",\"inLanguage\":\"fr-FR\",\"@id\":\"https:\/\/chg.es\/en\/#\/schema\/logo\/image\/\",\"url\":\"https:\/\/chg.es\/wp-content\/uploads\/2022\/09\/logo-chg.svg\",\"contentUrl\":\"https:\/\/chg.es\/wp-content\/uploads\/2022\/09\/logo-chg.svg\",\"caption\":\"CHG\"},\"image\":{\"@id\":\"https:\/\/chg.es\/en\/#\/schema\/logo\/image\/\"},\"sameAs\":[\"https:\/\/www.facebook.com\/chgconstrucciones\/\",\"https:\/\/www.instagram.com\/chg.es\/\",\"https:\/\/www.linkedin.com\/company\/construcciones-hispano-germanas\/about\/\"]},{\"@type\":\"Person\",\"@id\":\"https:\/\/chg.es\/en\/#\/schema\/person\/e1a4afa22924f7e7f547bf39d48fad7b\",\"name\":\"apoveda\",\"image\":{\"@type\":\"ImageObject\",\"inLanguage\":\"fr-FR\",\"@id\":\"https:\/\/chg.es\/en\/#\/schema\/person\/image\/\",\"url\":\"https:\/\/secure.gravatar.com\/avatar\/9b9f32f67685260d894b19964597d55ba3f54dcdfe0387831000df6b07715542?s=96&d=mm&r=g\",\"contentUrl\":\"https:\/\/secure.gravatar.com\/avatar\/9b9f32f67685260d894b19964597d55ba3f54dcdfe0387831000df6b07715542?s=96&d=mm&r=g\",\"caption\":\"apoveda\"},\"url\":\"https:\/\/chg.es\/fr\/resort-costa-blanca\/author\/apoveda\"}]}<\/script>\n<!-- \/ Yoast SEO plugin. -->","yoast_head_json":{"title":"Solidarit\u00e9 avec Valence apr\u00e8s la DANA : Comment vous pouvez contribuer - CHG","description":"Chez CHG, nous tenons \u00e0 exprimer notre soutien \u00e0 toutes les personnes touch\u00e9es par la r\u00e9cente DANA qui a affect\u00e9 la Communaut\u00e9 valencienne.","robots":{"index":"index","follow":"follow","max-snippet":"max-snippet:-1","max-image-preview":"max-image-preview:large","max-video-preview":"max-video-preview:-1"},"canonical":"https:\/\/chg.es\/resort-costa-blanca\/solidaridad-con-valencia-tras-la-dana-como-puedes-contribuir-chg","og_locale":"fr_FR","og_type":"article","og_title":"Solidarit\u00e9 avec Valence apr\u00e8s la DANA : Comment vous pouvez contribuer - CHG","og_description":"Chez CHG, nous tenons \u00e0 exprimer notre soutien \u00e0 toutes les personnes touch\u00e9es par la r\u00e9cente DANA qui a affect\u00e9 la Communaut\u00e9 valencienne.","og_url":"https:\/\/chg.es\/resort-costa-blanca\/solidaridad-con-valencia-tras-la-dana-como-puedes-contribuir-chg","og_site_name":"CHG","article_publisher":"https:\/\/www.facebook.com\/chgconstrucciones\/","article_published_time":"2024-11-06T09:15:02+00:00","og_image":[{"width":1640,"height":924,"url":"https:\/\/chg.es\/wp-content\/uploads\/2024\/11\/oliva-nova-dana-valencia-1.jpg","type":"image\/jpeg"}],"author":"apoveda","twitter_card":"summary_large_image","twitter_misc":{"\u00c9crit par":"apoveda","Dur\u00e9e de lecture estim\u00e9e":"3 minutes"},"schema":{"@context":"https:\/\/schema.org","@graph":[{"@type":"Article","@id":"https:\/\/chg.es\/resort-costa-blanca\/solidaridad-con-valencia-tras-la-dana-como-puedes-contribuir-chg#article","isPartOf":{"@id":"https:\/\/chg.es\/resort-costa-blanca\/solidaridad-con-valencia-tras-la-dana-como-puedes-contribuir-chg"},"author":{"name":"apoveda","@id":"https:\/\/chg.es\/en\/#\/schema\/person\/e1a4afa22924f7e7f547bf39d48fad7b"},"headline":"Solidarit\u00e9 avec Valence apr\u00e8s la DANA : Comment vous pouvez contribuer","datePublished":"2024-11-06T09:15:02+00:00","dateModified":"2024-11-06T09:15:02+00:00","mainEntityOfPage":{"@id":"https:\/\/chg.es\/resort-costa-blanca\/solidaridad-con-valencia-tras-la-dana-como-puedes-contribuir-chg"},"wordCount":711,"publisher":{"@id":"https:\/\/chg.es\/en\/#organization"},"image":{"@id":"https:\/\/chg.es\/resort-costa-blanca\/solidaridad-con-valencia-tras-la-dana-como-puedes-contribuir-chg#primaryimage"},"thumbnailUrl":"https:\/\/chg.es\/wp-content\/uploads\/2024\/11\/oliva-nova-dana-valencia-1.jpg","articleSection":["Oliva Nova"],"inLanguage":"fr-FR"},{"@type":"WebPage","@id":"https:\/\/chg.es\/resort-costa-blanca\/solidaridad-con-valencia-tras-la-dana-como-puedes-contribuir-chg","url":"https:\/\/chg.es\/resort-costa-blanca\/solidaridad-con-valencia-tras-la-dana-como-puedes-contribuir-chg","name":"Solidarit\u00e9 avec Valence apr\u00e8s la DANA : Comment vous pouvez contribuer - CHG","isPartOf":{"@id":"https:\/\/chg.es\/en\/#website"},"primaryImageOfPage":{"@id":"https:\/\/chg.es\/resort-costa-blanca\/solidaridad-con-valencia-tras-la-dana-como-puedes-contribuir-chg#primaryimage"},"image":{"@id":"https:\/\/chg.es\/resort-costa-blanca\/solidaridad-con-valencia-tras-la-dana-como-puedes-contribuir-chg#primaryimage"},"thumbnailUrl":"https:\/\/chg.es\/wp-content\/uploads\/2024\/11\/oliva-nova-dana-valencia-1.jpg","datePublished":"2024-11-06T09:15:02+00:00","dateModified":"2024-11-06T09:15:02+00:00","description":"Chez CHG, nous tenons \u00e0 exprimer notre soutien \u00e0 toutes les personnes touch\u00e9es par la r\u00e9cente DANA qui a affect\u00e9 la Communaut\u00e9 valencienne.","breadcrumb":{"@id":"https:\/\/chg.es\/resort-costa-blanca\/solidaridad-con-valencia-tras-la-dana-como-puedes-contribuir-chg#breadcrumb"},"inLanguage":"fr-FR","potentialAction":[{"@type":"ReadAction","target":["https:\/\/chg.es\/resort-costa-blanca\/solidaridad-con-valencia-tras-la-dana-como-puedes-contribuir-chg"]}]},{"@type":"ImageObject","inLanguage":"fr-FR","@id":"https:\/\/chg.es\/resort-costa-blanca\/solidaridad-con-valencia-tras-la-dana-como-puedes-contribuir-chg#primaryimage","url":"https:\/\/chg.es\/wp-content\/uploads\/2024\/11\/oliva-nova-dana-valencia-1.jpg","contentUrl":"https:\/\/chg.es\/wp-content\/uploads\/2024\/11\/oliva-nova-dana-valencia-1.jpg","width":1640,"height":924,"caption":"Solidaridad con Valencia tras la DANA"},{"@type":"BreadcrumbList","@id":"https:\/\/chg.es\/resort-costa-blanca\/solidaridad-con-valencia-tras-la-dana-como-puedes-contribuir-chg#breadcrumb","itemListElement":[{"@type":"ListItem","position":1,"name":"Home","item":"https:\/\/chg.es\/"},{"@type":"ListItem","position":2,"name":"Non classifi\u00e9(e)","item":"https:\/\/chg.es\/fr\/resort-costa-blanca\/category\/non-classifiee"},{"@type":"ListItem","position":3,"name":"Solidarit\u00e9 avec Valence apr\u00e8s la DANA : Comment vous pouvez contribuer"}]},{"@type":"WebSite","@id":"https:\/\/chg.es\/en\/#website","url":"https:\/\/chg.es\/en\/","name":"CHG","description":"CHG","publisher":{"@id":"https:\/\/chg.es\/en\/#organization"},"potentialAction":[{"@type":"SearchAction","target":{"@type":"EntryPoint","urlTemplate":"https:\/\/chg.es\/en\/?s={search_term_string}"},"query-input":"required name=search_term_string"}],"inLanguage":"fr-FR"},{"@type":"Organization","@id":"https:\/\/chg.es\/en\/#organization","name":"CHG","url":"https:\/\/chg.es\/en\/","logo":{"@type":"ImageObject","inLanguage":"fr-FR","@id":"https:\/\/chg.es\/en\/#\/schema\/logo\/image\/","url":"https:\/\/chg.es\/wp-content\/uploads\/2022\/09\/logo-chg.svg","contentUrl":"https:\/\/chg.es\/wp-content\/uploads\/2022\/09\/logo-chg.svg","caption":"CHG"},"image":{"@id":"https:\/\/chg.es\/en\/#\/schema\/logo\/image\/"},"sameAs":["https:\/\/www.facebook.com\/chgconstrucciones\/","https:\/\/www.instagram.com\/chg.es\/","https:\/\/www.linkedin.com\/company\/construcciones-hispano-germanas\/about\/"]},{"@type":"Person","@id":"https:\/\/chg.es\/en\/#\/schema\/person\/e1a4afa22924f7e7f547bf39d48fad7b","name":"apoveda","image":{"@type":"ImageObject","inLanguage":"fr-FR","@id":"https:\/\/chg.es\/en\/#\/schema\/person\/image\/","url":"https:\/\/secure.gravatar.com\/avatar\/9b9f32f67685260d894b19964597d55ba3f54dcdfe0387831000df6b07715542?s=96&d=mm&r=g","contentUrl":"https:\/\/secure.gravatar.com\/avatar\/9b9f32f67685260d894b19964597d55ba3f54dcdfe0387831000df6b07715542?s=96&d=mm&r=g","caption":"apoveda"},"url":"https:\/\/chg.es\/fr\/resort-costa-blanca\/author\/apoveda"}]}},"_links":{"self":[{"href":"https:\/\/chg.es\/fr\/wp-json\/wp\/v2\/posts\/38367","targetHints":{"allow":["GET"]}}],"collection":[{"href":"https:\/\/chg.es\/fr\/wp-json\/wp\/v2\/posts"}],"about":[{"href":"https:\/\/chg.es\/fr\/wp-json\/wp\/v2\/types\/post"}],"author":[{"embeddable":true,"href":"https:\/\/chg.es\/fr\/wp-json\/wp\/v2\/users\/22"}],"replies":[{"embeddable":true,"href":"https:\/\/chg.es\/fr\/wp-json\/wp\/v2\/comments?post=38367"}],"version-history":[{"count":0,"href":"https:\/\/chg.es\/fr\/wp-json\/wp\/v2\/posts\/38367\/revisions"}],"wp:featuredmedia":[{"embeddable":true,"href":"https:\/\/chg.es\/fr\/wp-json\/wp\/v2\/media\/38356"}],"wp:attachment":[{"href":"https:\/\/chg.es\/fr\/wp-json\/wp\/v2\/media?parent=38367"}],"wp:term":[{"taxonomy":"category","embeddable":true,"href":"https:\/\/chg.es\/fr\/wp-json\/wp\/v2\/categories?post=38367"},{"taxonomy":"post_tag","embeddable":true,"href":"https:\/\/chg.es\/fr\/wp-json\/wp\/v2\/tags?post=38367"}],"curies":[{"name":"wp","href":"https:\/\/api.w.org\/{rel}","templated":true}]}}