{"id":39230,"date":"2025-01-24T17:11:56","date_gmt":"2025-01-24T15:11:56","guid":{"rendered":"https:\/\/chg.es\/resort-costa-blanca\/le-style-medieval-moderne-en-decoration-un-voyage-entre-lhistoire-et-la-modernite"},"modified":"2025-01-24T17:11:56","modified_gmt":"2025-01-24T15:11:56","slug":"le-style-medieval-moderne-en-decoration-un-voyage-entre-lhistoire-et-la-modernite","status":"publish","type":"post","link":"https:\/\/chg.es\/fr\/resort-costa-blanca\/le-style-medieval-moderne-en-decoration-un-voyage-entre-lhistoire-et-la-modernite","title":{"rendered":"Le Style M\u00e9di\u00e9val Moderne en D\u00e9coration : Un Voyage Entre l&rsquo;Histoire et la Modernit\u00e9"},"content":{"rendered":"<p data-start=\"0\" data-end=\"663\">La d\u00e9coration m\u00e9di\u00e9vale a toujours \u00e9voqu\u00e9 des images de ch\u00e2teaux, de tapisseries, de bois sombre et d&rsquo;une esth\u00e9tique riche en symbolisme et en d\u00e9tails. Cependant, ces derni\u00e8res ann\u00e9es, nous avons vu un renouveau de ce style, mais avec une touche moderne. Le style m\u00e9di\u00e9val moderne en d\u00e9coration fusionne la majest\u00e9 du pass\u00e9 avec la fonctionnalit\u00e9 et le design contemporain. Cette approche permet aux \u00e9l\u00e9ments m\u00e9di\u00e9vaux, avec leur caract\u00e8re historique et artisanal, de s&rsquo;adapter aux go\u00fbts et aux besoins actuels, cr\u00e9ant ainsi des espaces uniques et pleins de personnalit\u00e9. Chez CHG, nous vous expliquons tout ce que vous devez savoir sur le style m\u00e9di\u00e9val moderne.<\/p>\n<h2 data-start=\"665\" data-end=\"710\"><strong data-start=\"665\" data-end=\"710\">Qu&rsquo;est-ce que le style m\u00e9di\u00e9val moderne ?<\/strong><\/h2>\n<p data-start=\"712\" data-end=\"1157\">Le style m\u00e9di\u00e9val moderne ne cherche pas \u00e0 recr\u00e9er une copie exacte du Moyen \u00c2ge, mais plut\u00f4t \u00e0 offrir une r\u00e9interpr\u00e9tation qui conserve l&rsquo;essence de cette \u00e9poque, tout en int\u00e9grant la simplicit\u00e9 et le minimalisme caract\u00e9ristiques du design contemporain. Ce style est capable d&rsquo;offrir une atmosph\u00e8re sophistiqu\u00e9e, myst\u00e9rieuse et accueillante, tout en respectant la fonctionnalit\u00e9 et la lumi\u00e8re, deux \u00e9l\u00e9ments essentiels de la d\u00e9coration moderne.<\/p>\n<p data-start=\"1159\" data-end=\"1202\"><strong data-start=\"1159\" data-end=\"1202\">\u00c9l\u00e9ments cl\u00e9s du style m\u00e9di\u00e9val moderne<\/strong><\/p>\n<ol data-start=\"1204\" data-end=\"1241\">\n<li data-start=\"1204\" data-end=\"1241\"><strong data-start=\"1207\" data-end=\"1241\">Mat\u00e9riaux naturels et textur\u00e9s<\/strong><\/li>\n<\/ol>\n<p data-start=\"1243\" data-end=\"1523\">Au c\u0153ur du style m\u00e9di\u00e9val se trouvent des mat\u00e9riaux naturels : le bois, la pierre, le fer forg\u00e9 et les tissus \u00e9pais. Cependant, dans sa version moderne, ces mat\u00e9riaux sont combin\u00e9s avec des finitions plus polies et modernes pour cr\u00e9er un \u00e9quilibre entre le rustique et le raffin\u00e9.<\/p>\n<ul data-start=\"1525\" data-end=\"2307\" data-is-last-node=\"\" data-is-only-node=\"\">\n<li data-start=\"1525\" data-end=\"1790\"><strong data-start=\"1527\" data-end=\"1537\">Bois :<\/strong> Le bois vieilli ou de teintes sombres est un classique m\u00e9di\u00e9val. Dans le style moderne, il peut \u00eatre combin\u00e9 avec des meubles plus minimalistes ou des surfaces plus douces, comme le marbre ou le verre, afin d&rsquo;\u00e9viter l&rsquo;aspect lourd des anciens ch\u00e2teaux.<\/li>\n<li data-start=\"1791\" data-end=\"2022\"><strong data-start=\"1793\" data-end=\"1816\">Pierre et briques :<\/strong> Les murs en pierre apparente ou en briques vieilles peuvent \u00eatre utilis\u00e9s pour cr\u00e9er une ambiance de caract\u00e8re, mais combin\u00e9s avec des d\u00e9tails plus l\u00e9gers, tels que des plafonds blancs ou des murs neutres.<\/li>\n<li data-start=\"2023\" data-end=\"2307\" data-is-last-node=\"\"><strong data-start=\"2025\" data-end=\"2040\">Fer forg\u00e9 :<\/strong> Les grilles en fer forg\u00e9 et les lampes de style m\u00e9di\u00e9val sont un \u00e9l\u00e9gant ajout \u00e0 l&rsquo;espace moderne, sans surcharger l&rsquo;environnement. Ce type de m\u00e9tal peut incorporer des lignes plus \u00e9pur\u00e9es et simples, afin d&rsquo;\u00e9quilibrer l&rsquo;aust\u00e9rit\u00e9 m\u00e9di\u00e9vale avec le dynamisme actuel.<\/li>\n<\/ul>\n<p><img fetchpriority=\"high\" decoding=\"async\" class=\"aligncenter wp-image-38957 size-full\" src=\"https:\/\/chg.es\/wp-content\/uploads\/2025\/01\/medieval1.jpg.jpg\" alt=\"Medieval moderno\" width=\"620\" height=\"950\" srcset=\"https:\/\/chg.es\/wp-content\/uploads\/2025\/01\/medieval1.jpg.jpg 620w, https:\/\/chg.es\/wp-content\/uploads\/2025\/01\/medieval1.jpg-196x300.jpg 196w\" sizes=\"(max-width: 620px) 100vw, 620px\" \/><\/p>\n<article class=\"group\/turn w-full text-token-text-primary focus-visible:outline-2 focus-visible:outline-offset-[-4px]\" dir=\"auto\" data-testid=\"conversation-turn-233\" data-scroll-anchor=\"true\">\n<div class=\"text-base my-auto mx-auto py-[18px] px-6\">\n<div class=\"mx-auto flex flex-1 text-base gap-4 md:gap-5 lg:gap-6 md:max-w-3xl\">\n<div class=\"group\/conversation-turn relative flex w-full min-w-0 flex-col agent-turn @xs\/thread:px-0 @sm\/thread:px-1.5 @md\/thread:px-4\">\n<div class=\"flex-col gap-1 md:gap-3\">\n<div class=\"flex max-w-full flex-col flex-grow\">\n<div class=\"min-h-8 text-message relative flex w-full flex-col items-end gap-2 whitespace-normal break-words text-start [.text-message+&amp;]:mt-5\" dir=\"auto\" data-message-author-role=\"assistant\" data-message-id=\"274bff50-bc52-4d76-a495-224a6bac1ce7\" data-message-model-slug=\"gpt-4o-mini\">\n<div class=\"flex w-full flex-col gap-1 empty:hidden first:pt-[3px]\">\n<div class=\"markdown prose w-full break-words dark:prose-invert light\">\n<ol start=\"2\" data-start=\"0\" data-end=\"28\">\n<li data-start=\"0\" data-end=\"28\"><strong data-start=\"3\" data-end=\"28\">Mobilier de caract\u00e8re<\/strong><\/li>\n<\/ol>\n<p data-start=\"30\" data-end=\"510\">Le mobilier dans le style m\u00e9di\u00e9val moderne tend \u00e0 \u00eatre robuste, mais avec un design plus fluide et simple. Alors que les meubles m\u00e9di\u00e9vaux \u00e9taient connus pour leur taille imposante, la tendance moderne s&rsquo;oriente vers la cr\u00e9ation de pi\u00e8ces plus fonctionnelles tout en restant tout aussi imposantes. Des chaises en bois \u00e0 haut dossier ou de grandes tables \u00e0 manger peuvent \u00eatre accompagn\u00e9es de coussins ou de tissus aux tons neutres ou \u00e0 motifs g\u00e9om\u00e9triques pour une touche moderne.<\/p>\n<p data-start=\"512\" data-end=\"780\">Les pi\u00e8ces doivent \u00eatre fonctionnelles, mais avec un design qui \u00e9voque le pass\u00e9 sans perdre la praticit\u00e9 contemporaine. Les lignes simples des tables et des chaises peuvent \u00eatre orn\u00e9es de d\u00e9tails sculpt\u00e9s ou de finitions en bois sombre, rappelant le mobilier m\u00e9di\u00e9val.<\/p>\n<ol start=\"3\" data-start=\"782\" data-end=\"805\">\n<li data-start=\"782\" data-end=\"805\"><strong data-start=\"785\" data-end=\"805\">Couleurs et tons<\/strong><\/li>\n<\/ol>\n<p data-start=\"807\" data-end=\"1274\">Le style m\u00e9di\u00e9val moderne se caract\u00e9rise par une palette de couleurs sombres et terreuses : gris, bruns, bordeaux et verts olive, toutes dans des tons profonds qui rappellent la sobri\u00e9t\u00e9 du Moyen \u00c2ge. Cependant, pour \u00e9viter que l&rsquo;atmosph\u00e8re ne devienne trop sombre, il est important d&rsquo;introduire des accents plus clairs comme le blanc, le gris clair, le beige ou des tons m\u00e9talliques tels que l&rsquo;or ou l&rsquo;argent pour ajouter du contraste et de la luminosit\u00e9 \u00e0 l&rsquo;espace.<\/p>\n<p data-start=\"1276\" data-end=\"1507\">Les murs, au lieu d&rsquo;\u00eatre compl\u00e8tement sombres, peuvent \u00eatre dans des tons neutres ou m\u00eame blancs, permettant aux meubles ou aux d\u00e9tails d\u00e9coratifs, comme les tapisseries ou les tapis, d&rsquo;apporter les tons les plus riches et satur\u00e9s.<\/p>\n<ol start=\"4\" data-start=\"1509\" data-end=\"1534\">\n<li data-start=\"1509\" data-end=\"1534\"><strong data-start=\"1512\" data-end=\"1534\">D\u00e9tails d\u00e9coratifs<\/strong><\/li>\n<\/ol>\n<p data-start=\"1536\" data-end=\"1830\">L&rsquo;un des aspects les plus int\u00e9ressants du style m\u00e9di\u00e9val moderne est la mani\u00e8re d&rsquo;int\u00e9grer les d\u00e9tails d\u00e9coratifs m\u00e9di\u00e9vaux dans un contexte moderne. C&rsquo;est l\u00e0 que l&rsquo;on peut \u00eatre le plus cr\u00e9atif. Certains des \u00e9l\u00e9ments traditionnels qui peuvent \u00eatre fusionn\u00e9s avec le design moderne comprennent :<\/p>\n<ul data-start=\"1832\" data-end=\"2773\" data-is-last-node=\"\" data-is-only-node=\"\">\n<li data-start=\"1832\" data-end=\"2149\"><strong data-start=\"1834\" data-end=\"1851\">Tapisseries :<\/strong> Les tapisseries m\u00e9di\u00e9vales, avec leurs motifs complexes et sc\u00e8nes historiques, peuvent \u00eatre r\u00e9interpr\u00e9t\u00e9es avec des motifs plus simplifi\u00e9s ou modernes. Plac\u00e9es sur un mur blanc ou neutre, les tapisseries de style m\u00e9di\u00e9val peuvent apporter une touche de chaleur et de couleur sans saturer l&rsquo;espace.<\/li>\n<li data-start=\"2150\" data-end=\"2339\"><strong data-start=\"2152\" data-end=\"2169\">Chandeliers :<\/strong> Les chandeliers en fer forg\u00e9 ou au look ancien sont parfaits pour ajouter du drame, tout en \u00e9tant m\u00e9lang\u00e9s avec un \u00e9clairage LED moderne ou des lampes plus minimalistes.<\/li>\n<li data-start=\"2340\" data-end=\"2564\"><strong data-start=\"2342\" data-end=\"2369\">Blasons et h\u00e9raldique :<\/strong> Des \u00e9l\u00e9ments d\u00e9coratifs tels que des blasons, des banni\u00e8res m\u00e9di\u00e9vales ou des repr\u00e9sentations symboliques peuvent devenir des d\u00e9tails artistiques ou m\u00eame des illustrations modernes sur les murs.<\/li>\n<li data-start=\"2565\" data-end=\"2773\" data-is-last-node=\"\"><strong data-start=\"2567\" data-end=\"2598\">Cristallerie et c\u00e9ramique :<\/strong> Des verres \u00e0 vin en cristal taill\u00e9 ou de la vaisselle en c\u00e9ramique peuvent apporter une touche m\u00e9di\u00e9vale \u00e0 la table, tout en optant pour un design plus \u00e9pur\u00e9 et contemporain.<\/li>\n<\/ul>\n<\/div>\n<\/div>\n<\/div>\n<\/div>\n<div class=\"mb-2 flex gap-3 -ml-2\">\n<div class=\"flex items-center justify-start rounded-xl p-1\"><\/div>\n<\/div>\n<\/div>\n<\/div>\n<\/div>\n<\/div>\n<\/article>\n<p><img decoding=\"async\" class=\"aligncenter wp-image-38962 size-full\" src=\"https:\/\/chg.es\/wp-content\/uploads\/2025\/01\/medieval-deco.jpg.jpg\" alt=\"Deco medieval\" width=\"620\" height=\"950\" srcset=\"https:\/\/chg.es\/wp-content\/uploads\/2025\/01\/medieval-deco.jpg.jpg 620w, https:\/\/chg.es\/wp-content\/uploads\/2025\/01\/medieval-deco.jpg-196x300.jpg 196w\" sizes=\"(max-width: 620px) 100vw, 620px\" \/><\/p>\n<ol start=\"5\" data-start=\"0\" data-end=\"48\">\n<li data-start=\"0\" data-end=\"48\"><strong data-start=\"3\" data-end=\"48\">\u00c9clairage : Une touche de magie m\u00e9di\u00e9vale<\/strong><\/li>\n<\/ol>\n<p data-start=\"50\" data-end=\"406\">L&rsquo;\u00e9clairage est essentiel pour \u00e9quilibrer l&rsquo;atmosph\u00e8re solennelle du style m\u00e9di\u00e9val avec la luminosit\u00e9 du design moderne. Les lustres ou chandeliers en fer forg\u00e9 peuvent apporter une touche d&rsquo;\u00e9l\u00e9gance m\u00e9di\u00e9vale tout en conservant la fra\u00eecheur moderne. De plus, des lumi\u00e8res chaudes et douces peuvent aider \u00e0 cr\u00e9er une ambiance accueillante et sophistiqu\u00e9e.<\/p>\n<h3 data-start=\"408\" data-end=\"472\">Comment int\u00e9grer le style m\u00e9di\u00e9val moderne dans votre maison<\/h3>\n<p data-start=\"474\" data-end=\"653\">Si l&rsquo;id\u00e9e d&rsquo;un style m\u00e9di\u00e9val moderne vous s\u00e9duit, mais que vous ne savez pas par o\u00f9 commencer, voici quelques conseils pratiques pour int\u00e9grer ces \u00e9l\u00e9ments dans votre int\u00e9rieur :<\/p>\n<ul data-start=\"655\" data-end=\"1810\" data-is-only-node=\"\" data-is-last-node=\"\">\n<li data-start=\"655\" data-end=\"960\">\n<p data-start=\"657\" data-end=\"960\"><strong data-start=\"657\" data-end=\"688\">Commencez par les meubles :<\/strong> Investissez dans une pi\u00e8ce ma\u00eetresse de caract\u00e8re, comme une table \u00e0 manger en bois ou une grande biblioth\u00e8que de style m\u00e9di\u00e9val. Ces \u00e9l\u00e9ments peuvent \u00eatre combin\u00e9s avec des meubles plus modernes, comme des chaises au design minimaliste ou des canap\u00e9s aux lignes \u00e9pur\u00e9es.<\/p>\n<\/li>\n<li data-start=\"964\" data-end=\"1258\">\n<p data-start=\"966\" data-end=\"1258\"><strong data-start=\"966\" data-end=\"1017\">Choisissez une palette de couleurs \u00e9quilibr\u00e9e :<\/strong> Les couleurs sombres et profondes doivent \u00eatre \u00e9quilibr\u00e9es avec des tons neutres ou m\u00e9talliques pour \u00e9viter que l&rsquo;espace ne devienne trop sombre. Des murs clairs permettent aux d\u00e9tails m\u00e9di\u00e9vaux de ressortir sans surcharger l&rsquo;environnement.<\/p>\n<\/li>\n<li data-start=\"1260\" data-end=\"1532\">\n<p data-start=\"1262\" data-end=\"1532\"><strong data-start=\"1262\" data-end=\"1311\">Ajoutez des d\u00e9tails avec de la personnalit\u00e9 :<\/strong> Les \u00e9l\u00e9ments d\u00e9coratifs tels que les tapisseries, chandeliers et sculptures inspir\u00e9es du Moyen \u00c2ge peuvent \u00eatre un excellent point de d\u00e9part pour cr\u00e9er un environnement plein de caract\u00e8re tout en restant a\u00e9r\u00e9 et moderne.<\/p>\n<\/li>\n<li data-start=\"1534\" data-end=\"1810\" data-is-last-node=\"\">\n<p data-start=\"1536\" data-end=\"1810\" data-is-last-node=\"\"><strong data-start=\"1536\" data-end=\"1559\">Pensez au confort :<\/strong> Bien que le style m\u00e9di\u00e9val puisse \u00eatre imposant, il est essentiel d&rsquo;int\u00e9grer des \u00e9l\u00e9ments modernes de confort. Des tapis doux, des coussins et des textiles confortables peuvent \u00e9quilibrer la froideur des mat\u00e9riaux et ajouter de la chaleur \u00e0 l&rsquo;espace.<\/p>\n<\/li>\n<\/ul>\n<p><img decoding=\"async\" class=\"aligncenter wp-image-38967 size-full\" src=\"https:\/\/chg.es\/wp-content\/uploads\/2025\/01\/medieval-moderno.jpg.jpg\" alt=\"detalles medieval\" width=\"620\" height=\"950\" srcset=\"https:\/\/chg.es\/wp-content\/uploads\/2025\/01\/medieval-moderno.jpg.jpg 620w, https:\/\/chg.es\/wp-content\/uploads\/2025\/01\/medieval-moderno.jpg-196x300.jpg 196w\" sizes=\"(max-width: 620px) 100vw, 620px\" \/><\/p>\n<p data-start=\"0\" data-end=\"549\">En d\u00e9finitive, le style m\u00e9di\u00e9val moderne en d\u00e9coration est une fascinante combinaison du pass\u00e9 et du pr\u00e9sent. C&rsquo;est un style qui invite \u00e0 la r\u00e9flexion, \u00e0 la connexion avec l&rsquo;histoire tout en restant ancr\u00e9 dans le contemporain. En int\u00e9grant des \u00e9l\u00e9ments m\u00e9di\u00e9vaux dans un contexte moderne, vous pouvez cr\u00e9er des espaces pleins d&rsquo;histoire, tout en r\u00e9pondant aux besoins et exigences du monde actuel. La cl\u00e9 r\u00e9side dans l&rsquo;\u00e9quilibre entre l&rsquo;imposant et le fonctionnel, le rustique et le raffin\u00e9, pour cr\u00e9er un environnement unique et plein de caract\u00e8re.<\/p>\n<p data-start=\"551\" data-end=\"748\" data-is-last-node=\"\" data-is-only-node=\"\">Si vous recherchez une d\u00e9coration qui combine la richesse historique avec le confort et la fra\u00eecheur des designs contemporains, le style m\u00e9di\u00e9val moderne est sans aucun doute une option \u00e0 explorer.<\/p>\n","protected":false},"excerpt":{"rendered":"<p>La d\u00e9coration m\u00e9di\u00e9vale a toujours \u00e9voqu\u00e9 des images de ch\u00e2teaux, de tapisseries, de bois sombre et d&rsquo;une esth\u00e9tique riche en symbolisme et en d\u00e9tails. Cependant, ces derni\u00e8res ann\u00e9es, nous avons vu un renouveau de ce style, mais avec une touche moderne. Le style m\u00e9di\u00e9val moderne en d\u00e9coration fusionne la majest\u00e9 du pass\u00e9 avec la fonctionnalit\u00e9&hellip;<\/p>\n","protected":false},"author":22,"featured_media":38959,"comment_status":"closed","ping_status":"open","sticky":false,"template":"","format":"standard","meta":{"footnotes":""},"categories":[22],"tags":[496,627,628],"class_list":["post-39230","post","type-post","status-publish","format-standard","has-post-thumbnail","hentry","category-non-classifiee","tag-conseils-de-decoration","tag-medieval-fr","tag-style-moderne","category-22","description-off"],"yoast_head":"<!-- This site is optimized with the Yoast SEO plugin v22.4 - https:\/\/yoast.com\/wordpress\/plugins\/seo\/ -->\n<title>Le Style M\u00e9di\u00e9val Moderne en D\u00e9coration - CHG<\/title>\n<meta name=\"description\" content=\"La majest\u00e9 du pass\u00e9 se fusionne avec la fonctionnalit\u00e9 et le design contemporain pour donner naissance au style m\u00e9di\u00e9val moderne.\" \/>\n<meta name=\"robots\" content=\"index, follow, max-snippet:-1, max-image-preview:large, max-video-preview:-1\" \/>\n<link rel=\"canonical\" href=\"https:\/\/chg.es\/resort-costa-blanca\/el-estilo-medieval-moderno-en-decoracion-chg\" \/>\n<meta property=\"og:locale\" content=\"fr_FR\" \/>\n<meta property=\"og:type\" content=\"article\" \/>\n<meta property=\"og:title\" content=\"Le Style M\u00e9di\u00e9val Moderne en D\u00e9coration - CHG\" \/>\n<meta property=\"og:description\" content=\"La majest\u00e9 du pass\u00e9 se fusionne avec la fonctionnalit\u00e9 et le design contemporain pour donner naissance au style m\u00e9di\u00e9val moderne.\" \/>\n<meta property=\"og:url\" content=\"https:\/\/chg.es\/resort-costa-blanca\/el-estilo-medieval-moderno-en-decoracion-chg\" \/>\n<meta property=\"og:site_name\" content=\"CHG\" \/>\n<meta property=\"article:publisher\" content=\"https:\/\/www.facebook.com\/chgconstrucciones\/\" \/>\n<meta property=\"article:published_time\" content=\"2025-01-24T15:11:56+00:00\" \/>\n<meta property=\"og:image\" content=\"https:\/\/chg.es\/wp-content\/uploads\/2025\/01\/medieval1.jpg.jpg\" \/>\n\t<meta property=\"og:image:width\" content=\"620\" \/>\n\t<meta property=\"og:image:height\" content=\"950\" \/>\n\t<meta property=\"og:image:type\" content=\"image\/jpeg\" \/>\n<meta name=\"author\" content=\"apoveda\" \/>\n<meta name=\"twitter:card\" content=\"summary_large_image\" \/>\n<meta name=\"twitter:label1\" content=\"\u00c9crit par\" \/>\n\t<meta name=\"twitter:data1\" content=\"apoveda\" \/>\n\t<meta name=\"twitter:label2\" content=\"Dur\u00e9e de lecture estim\u00e9e\" \/>\n\t<meta name=\"twitter:data2\" content=\"7 minutes\" \/>\n<script type=\"application\/ld+json\" class=\"yoast-schema-graph\">{\"@context\":\"https:\/\/schema.org\",\"@graph\":[{\"@type\":\"Article\",\"@id\":\"https:\/\/chg.es\/resort-costa-blanca\/el-estilo-medieval-moderno-en-decoracion-chg#article\",\"isPartOf\":{\"@id\":\"https:\/\/chg.es\/resort-costa-blanca\/el-estilo-medieval-moderno-en-decoracion-chg\"},\"author\":{\"name\":\"apoveda\",\"@id\":\"https:\/\/chg.es\/en\/#\/schema\/person\/e1a4afa22924f7e7f547bf39d48fad7b\"},\"headline\":\"Le Style M\u00e9di\u00e9val Moderne en D\u00e9coration : Un Voyage Entre l&rsquo;Histoire et la Modernit\u00e9\",\"datePublished\":\"2025-01-24T15:11:56+00:00\",\"dateModified\":\"2025-01-24T15:11:56+00:00\",\"mainEntityOfPage\":{\"@id\":\"https:\/\/chg.es\/resort-costa-blanca\/el-estilo-medieval-moderno-en-decoracion-chg\"},\"wordCount\":1402,\"publisher\":{\"@id\":\"https:\/\/chg.es\/en\/#organization\"},\"image\":{\"@id\":\"https:\/\/chg.es\/resort-costa-blanca\/el-estilo-medieval-moderno-en-decoracion-chg#primaryimage\"},\"thumbnailUrl\":\"https:\/\/chg.es\/wp-content\/uploads\/2025\/01\/medieval1.jpg.jpg\",\"keywords\":[\"Conseils de d\u00e9coration\",\"M\u00e9di\u00e9val\",\"Style Moderne\"],\"articleSection\":[\"Non classifi\u00e9(e)\"],\"inLanguage\":\"fr-FR\"},{\"@type\":\"WebPage\",\"@id\":\"https:\/\/chg.es\/resort-costa-blanca\/el-estilo-medieval-moderno-en-decoracion-chg\",\"url\":\"https:\/\/chg.es\/resort-costa-blanca\/el-estilo-medieval-moderno-en-decoracion-chg\",\"name\":\"Le Style M\u00e9di\u00e9val Moderne en D\u00e9coration - CHG\",\"isPartOf\":{\"@id\":\"https:\/\/chg.es\/en\/#website\"},\"primaryImageOfPage\":{\"@id\":\"https:\/\/chg.es\/resort-costa-blanca\/el-estilo-medieval-moderno-en-decoracion-chg#primaryimage\"},\"image\":{\"@id\":\"https:\/\/chg.es\/resort-costa-blanca\/el-estilo-medieval-moderno-en-decoracion-chg#primaryimage\"},\"thumbnailUrl\":\"https:\/\/chg.es\/wp-content\/uploads\/2025\/01\/medieval1.jpg.jpg\",\"datePublished\":\"2025-01-24T15:11:56+00:00\",\"dateModified\":\"2025-01-24T15:11:56+00:00\",\"description\":\"La majest\u00e9 du pass\u00e9 se fusionne avec la fonctionnalit\u00e9 et le design contemporain pour donner naissance au style m\u00e9di\u00e9val moderne.\",\"breadcrumb\":{\"@id\":\"https:\/\/chg.es\/resort-costa-blanca\/el-estilo-medieval-moderno-en-decoracion-chg#breadcrumb\"},\"inLanguage\":\"fr-FR\",\"potentialAction\":[{\"@type\":\"ReadAction\",\"target\":[\"https:\/\/chg.es\/resort-costa-blanca\/el-estilo-medieval-moderno-en-decoracion-chg\"]}]},{\"@type\":\"ImageObject\",\"inLanguage\":\"fr-FR\",\"@id\":\"https:\/\/chg.es\/resort-costa-blanca\/el-estilo-medieval-moderno-en-decoracion-chg#primaryimage\",\"url\":\"https:\/\/chg.es\/wp-content\/uploads\/2025\/01\/medieval1.jpg.jpg\",\"contentUrl\":\"https:\/\/chg.es\/wp-content\/uploads\/2025\/01\/medieval1.jpg.jpg\",\"width\":620,\"height\":950,\"caption\":\"Medieval moderno\"},{\"@type\":\"BreadcrumbList\",\"@id\":\"https:\/\/chg.es\/resort-costa-blanca\/el-estilo-medieval-moderno-en-decoracion-chg#breadcrumb\",\"itemListElement\":[{\"@type\":\"ListItem\",\"position\":1,\"name\":\"Home\",\"item\":\"https:\/\/chg.es\/\"},{\"@type\":\"ListItem\",\"position\":2,\"name\":\"Non classifi\u00e9(e)\",\"item\":\"https:\/\/chg.es\/fr\/resort-costa-blanca\/category\/non-classifiee\"},{\"@type\":\"ListItem\",\"position\":3,\"name\":\"Le Style M\u00e9di\u00e9val Moderne en D\u00e9coration : Un Voyage Entre l&rsquo;Histoire et la Modernit\u00e9\"}]},{\"@type\":\"WebSite\",\"@id\":\"https:\/\/chg.es\/en\/#website\",\"url\":\"https:\/\/chg.es\/en\/\",\"name\":\"CHG\",\"description\":\"CHG\",\"publisher\":{\"@id\":\"https:\/\/chg.es\/en\/#organization\"},\"potentialAction\":[{\"@type\":\"SearchAction\",\"target\":{\"@type\":\"EntryPoint\",\"urlTemplate\":\"https:\/\/chg.es\/en\/?s={search_term_string}\"},\"query-input\":\"required name=search_term_string\"}],\"inLanguage\":\"fr-FR\"},{\"@type\":\"Organization\",\"@id\":\"https:\/\/chg.es\/en\/#organization\",\"name\":\"CHG\",\"url\":\"https:\/\/chg.es\/en\/\",\"logo\":{\"@type\":\"ImageObject\",\"inLanguage\":\"fr-FR\",\"@id\":\"https:\/\/chg.es\/en\/#\/schema\/logo\/image\/\",\"url\":\"https:\/\/chg.es\/wp-content\/uploads\/2022\/09\/logo-chg.svg\",\"contentUrl\":\"https:\/\/chg.es\/wp-content\/uploads\/2022\/09\/logo-chg.svg\",\"caption\":\"CHG\"},\"image\":{\"@id\":\"https:\/\/chg.es\/en\/#\/schema\/logo\/image\/\"},\"sameAs\":[\"https:\/\/www.facebook.com\/chgconstrucciones\/\",\"https:\/\/www.instagram.com\/chg.es\/\",\"https:\/\/www.linkedin.com\/company\/construcciones-hispano-germanas\/about\/\"]},{\"@type\":\"Person\",\"@id\":\"https:\/\/chg.es\/en\/#\/schema\/person\/e1a4afa22924f7e7f547bf39d48fad7b\",\"name\":\"apoveda\",\"image\":{\"@type\":\"ImageObject\",\"inLanguage\":\"fr-FR\",\"@id\":\"https:\/\/chg.es\/en\/#\/schema\/person\/image\/\",\"url\":\"https:\/\/secure.gravatar.com\/avatar\/9b9f32f67685260d894b19964597d55ba3f54dcdfe0387831000df6b07715542?s=96&d=mm&r=g\",\"contentUrl\":\"https:\/\/secure.gravatar.com\/avatar\/9b9f32f67685260d894b19964597d55ba3f54dcdfe0387831000df6b07715542?s=96&d=mm&r=g\",\"caption\":\"apoveda\"},\"url\":\"https:\/\/chg.es\/fr\/resort-costa-blanca\/author\/apoveda\"}]}<\/script>\n<!-- \/ Yoast SEO plugin. -->","yoast_head_json":{"title":"Le Style M\u00e9di\u00e9val Moderne en D\u00e9coration - CHG","description":"La majest\u00e9 du pass\u00e9 se fusionne avec la fonctionnalit\u00e9 et le design contemporain pour donner naissance au style m\u00e9di\u00e9val moderne.","robots":{"index":"index","follow":"follow","max-snippet":"max-snippet:-1","max-image-preview":"max-image-preview:large","max-video-preview":"max-video-preview:-1"},"canonical":"https:\/\/chg.es\/resort-costa-blanca\/el-estilo-medieval-moderno-en-decoracion-chg","og_locale":"fr_FR","og_type":"article","og_title":"Le Style M\u00e9di\u00e9val Moderne en D\u00e9coration - CHG","og_description":"La majest\u00e9 du pass\u00e9 se fusionne avec la fonctionnalit\u00e9 et le design contemporain pour donner naissance au style m\u00e9di\u00e9val moderne.","og_url":"https:\/\/chg.es\/resort-costa-blanca\/el-estilo-medieval-moderno-en-decoracion-chg","og_site_name":"CHG","article_publisher":"https:\/\/www.facebook.com\/chgconstrucciones\/","article_published_time":"2025-01-24T15:11:56+00:00","og_image":[{"width":620,"height":950,"url":"https:\/\/chg.es\/wp-content\/uploads\/2025\/01\/medieval1.jpg.jpg","type":"image\/jpeg"}],"author":"apoveda","twitter_card":"summary_large_image","twitter_misc":{"\u00c9crit par":"apoveda","Dur\u00e9e de lecture estim\u00e9e":"7 minutes"},"schema":{"@context":"https:\/\/schema.org","@graph":[{"@type":"Article","@id":"https:\/\/chg.es\/resort-costa-blanca\/el-estilo-medieval-moderno-en-decoracion-chg#article","isPartOf":{"@id":"https:\/\/chg.es\/resort-costa-blanca\/el-estilo-medieval-moderno-en-decoracion-chg"},"author":{"name":"apoveda","@id":"https:\/\/chg.es\/en\/#\/schema\/person\/e1a4afa22924f7e7f547bf39d48fad7b"},"headline":"Le Style M\u00e9di\u00e9val Moderne en D\u00e9coration : Un Voyage Entre l&rsquo;Histoire et la Modernit\u00e9","datePublished":"2025-01-24T15:11:56+00:00","dateModified":"2025-01-24T15:11:56+00:00","mainEntityOfPage":{"@id":"https:\/\/chg.es\/resort-costa-blanca\/el-estilo-medieval-moderno-en-decoracion-chg"},"wordCount":1402,"publisher":{"@id":"https:\/\/chg.es\/en\/#organization"},"image":{"@id":"https:\/\/chg.es\/resort-costa-blanca\/el-estilo-medieval-moderno-en-decoracion-chg#primaryimage"},"thumbnailUrl":"https:\/\/chg.es\/wp-content\/uploads\/2025\/01\/medieval1.jpg.jpg","keywords":["Conseils de d\u00e9coration","M\u00e9di\u00e9val","Style Moderne"],"articleSection":["Non classifi\u00e9(e)"],"inLanguage":"fr-FR"},{"@type":"WebPage","@id":"https:\/\/chg.es\/resort-costa-blanca\/el-estilo-medieval-moderno-en-decoracion-chg","url":"https:\/\/chg.es\/resort-costa-blanca\/el-estilo-medieval-moderno-en-decoracion-chg","name":"Le Style M\u00e9di\u00e9val Moderne en D\u00e9coration - CHG","isPartOf":{"@id":"https:\/\/chg.es\/en\/#website"},"primaryImageOfPage":{"@id":"https:\/\/chg.es\/resort-costa-blanca\/el-estilo-medieval-moderno-en-decoracion-chg#primaryimage"},"image":{"@id":"https:\/\/chg.es\/resort-costa-blanca\/el-estilo-medieval-moderno-en-decoracion-chg#primaryimage"},"thumbnailUrl":"https:\/\/chg.es\/wp-content\/uploads\/2025\/01\/medieval1.jpg.jpg","datePublished":"2025-01-24T15:11:56+00:00","dateModified":"2025-01-24T15:11:56+00:00","description":"La majest\u00e9 du pass\u00e9 se fusionne avec la fonctionnalit\u00e9 et le design contemporain pour donner naissance au style m\u00e9di\u00e9val moderne.","breadcrumb":{"@id":"https:\/\/chg.es\/resort-costa-blanca\/el-estilo-medieval-moderno-en-decoracion-chg#breadcrumb"},"inLanguage":"fr-FR","potentialAction":[{"@type":"ReadAction","target":["https:\/\/chg.es\/resort-costa-blanca\/el-estilo-medieval-moderno-en-decoracion-chg"]}]},{"@type":"ImageObject","inLanguage":"fr-FR","@id":"https:\/\/chg.es\/resort-costa-blanca\/el-estilo-medieval-moderno-en-decoracion-chg#primaryimage","url":"https:\/\/chg.es\/wp-content\/uploads\/2025\/01\/medieval1.jpg.jpg","contentUrl":"https:\/\/chg.es\/wp-content\/uploads\/2025\/01\/medieval1.jpg.jpg","width":620,"height":950,"caption":"Medieval moderno"},{"@type":"BreadcrumbList","@id":"https:\/\/chg.es\/resort-costa-blanca\/el-estilo-medieval-moderno-en-decoracion-chg#breadcrumb","itemListElement":[{"@type":"ListItem","position":1,"name":"Home","item":"https:\/\/chg.es\/"},{"@type":"ListItem","position":2,"name":"Non classifi\u00e9(e)","item":"https:\/\/chg.es\/fr\/resort-costa-blanca\/category\/non-classifiee"},{"@type":"ListItem","position":3,"name":"Le Style M\u00e9di\u00e9val Moderne en D\u00e9coration : Un Voyage Entre l&rsquo;Histoire et la Modernit\u00e9"}]},{"@type":"WebSite","@id":"https:\/\/chg.es\/en\/#website","url":"https:\/\/chg.es\/en\/","name":"CHG","description":"CHG","publisher":{"@id":"https:\/\/chg.es\/en\/#organization"},"potentialAction":[{"@type":"SearchAction","target":{"@type":"EntryPoint","urlTemplate":"https:\/\/chg.es\/en\/?s={search_term_string}"},"query-input":"required name=search_term_string"}],"inLanguage":"fr-FR"},{"@type":"Organization","@id":"https:\/\/chg.es\/en\/#organization","name":"CHG","url":"https:\/\/chg.es\/en\/","logo":{"@type":"ImageObject","inLanguage":"fr-FR","@id":"https:\/\/chg.es\/en\/#\/schema\/logo\/image\/","url":"https:\/\/chg.es\/wp-content\/uploads\/2022\/09\/logo-chg.svg","contentUrl":"https:\/\/chg.es\/wp-content\/uploads\/2022\/09\/logo-chg.svg","caption":"CHG"},"image":{"@id":"https:\/\/chg.es\/en\/#\/schema\/logo\/image\/"},"sameAs":["https:\/\/www.facebook.com\/chgconstrucciones\/","https:\/\/www.instagram.com\/chg.es\/","https:\/\/www.linkedin.com\/company\/construcciones-hispano-germanas\/about\/"]},{"@type":"Person","@id":"https:\/\/chg.es\/en\/#\/schema\/person\/e1a4afa22924f7e7f547bf39d48fad7b","name":"apoveda","image":{"@type":"ImageObject","inLanguage":"fr-FR","@id":"https:\/\/chg.es\/en\/#\/schema\/person\/image\/","url":"https:\/\/secure.gravatar.com\/avatar\/9b9f32f67685260d894b19964597d55ba3f54dcdfe0387831000df6b07715542?s=96&d=mm&r=g","contentUrl":"https:\/\/secure.gravatar.com\/avatar\/9b9f32f67685260d894b19964597d55ba3f54dcdfe0387831000df6b07715542?s=96&d=mm&r=g","caption":"apoveda"},"url":"https:\/\/chg.es\/fr\/resort-costa-blanca\/author\/apoveda"}]}},"_links":{"self":[{"href":"https:\/\/chg.es\/fr\/wp-json\/wp\/v2\/posts\/39230","targetHints":{"allow":["GET"]}}],"collection":[{"href":"https:\/\/chg.es\/fr\/wp-json\/wp\/v2\/posts"}],"about":[{"href":"https:\/\/chg.es\/fr\/wp-json\/wp\/v2\/types\/post"}],"author":[{"embeddable":true,"href":"https:\/\/chg.es\/fr\/wp-json\/wp\/v2\/users\/22"}],"replies":[{"embeddable":true,"href":"https:\/\/chg.es\/fr\/wp-json\/wp\/v2\/comments?post=39230"}],"version-history":[{"count":0,"href":"https:\/\/chg.es\/fr\/wp-json\/wp\/v2\/posts\/39230\/revisions"}],"wp:featuredmedia":[{"embeddable":true,"href":"https:\/\/chg.es\/fr\/wp-json\/wp\/v2\/media\/38959"}],"wp:attachment":[{"href":"https:\/\/chg.es\/fr\/wp-json\/wp\/v2\/media?parent=39230"}],"wp:term":[{"taxonomy":"category","embeddable":true,"href":"https:\/\/chg.es\/fr\/wp-json\/wp\/v2\/categories?post=39230"},{"taxonomy":"post_tag","embeddable":true,"href":"https:\/\/chg.es\/fr\/wp-json\/wp\/v2\/tags?post=39230"}],"curies":[{"name":"wp","href":"https:\/\/api.w.org\/{rel}","templated":true}]}}